{"id":8,"__str__":"CE - Comiss\u00e3o Especial 1/2019","link_detail_backend":"/comissao/8","metadata":{},"nome":"Comiss\u00e3o Especial 1/2019","sigla":"CE","data_criacao":"2019-02-22","data_extincao":"2019-05-27","apelido_temp":"","data_instalacao_temp":null,"data_final_prevista_temp":null,"data_prorrogada_temp":null,"data_fim_comissao":null,"secretario":"","telefone_reuniao":"","endereco_secretaria":"","telefone_secretaria":"","fax_secretaria":"","agenda_reuniao":"","local_reuniao":"","finalidade":"Constitu\u00edda conforme requerimento com protocolo 92/2019, de 12/2/2019 (https://sapl.palmeira.pr.leg.br/materia/2047).\r\n\r\nO Vereador Jo\u00e3o Alberto Ferreira da Costa, com base nos arts. 43, I, 44 e 142, II do Regimento Interno apresenta requerimento de constitui\u00e7\u00e3o de Comiss\u00e3o Especial, destinada ao estudo de problemas municipais e tomada de posi\u00e7\u00e3o pela C\u00e2mara em assuntos de reconhecida relev\u00e2ncia:\r\n\r\nConsiderando as graves afirma\u00e7\u00f5es publicadas na rede social \"Facebook\" nas datas de 24 de dezembro de 2018 e 10 de fevereiro de 2019, anexas;\r\n\r\nConsiderando que tais afirma\u00e7\u00f5es est\u00e3o relacionadas aos recursos p\u00fablicos transferidos para a Santa Casa na forma de subven\u00e7\u00e3o, e ao custeio do Pronto Atendimento Municipal - PA, realizado pelo pr\u00f3prio Poder P\u00fablico na referida institui\u00e7\u00e3o;\r\n\r\nConsiderando ainda a gravidade dessas afirma\u00e7\u00f5es, que expressam a exist\u00eancia de \"bando, tr\u00e1fico de influ\u00eancia, troca de favores, crime, tortura e assassinatos no hospital\";\r\n\r\nConsiderando finalmente que \u00e9 de responsabilidade dos vereadores observar a regular aplica\u00e7\u00e3o dos recursos p\u00fablicos e que a instala\u00e7\u00e3o de uma CPI, caso necess\u00e1rio, necessitar\u00e1 de informa\u00e7\u00f5es seguras;\r\n\r\nRequer a aprova\u00e7\u00e3o do presente requerimento, com a consequente indica\u00e7\u00e3o de no m\u00ednimo tr\u00eas membros para que no prazo de 45 dias, prorrog\u00e1veis por mais 45, se necess\u00e1rio, apresentem relat\u00f3rio fundamentado sobre os fatos em quest\u00e3o.","email":"","unidade_deliberativa":true,"ativa":false,"tipo":3}