{"id":131,"__str__":"Projeto de Decreto Legislativo n\u00ba 673 de 2016","link_detail_backend":"/materia/131","metadata":{},"numero":673,"ano":2016,"numero_protocolo":null,"data_apresentacao":"2016-02-01","tipo_apresentacao":"","data_publicacao":null,"numero_origem_externa":"","ano_origem_externa":null,"data_origem_externa":null,"apelido":"","dias_prazo":null,"data_fim_prazo":null,"em_tramitacao":false,"polemica":null,"objeto":"","complementar":null,"ementa":"REFERENDA O TERMO DE CONV\u00caNIO SOB N\u00ba 46/2016 - QUE ENTRE SI CELEBRAM O MUNIC\u00cdPIO DE PALMEIRA, POR INTERM\u00c9DIO DA SECRETARIA DE ASSIST\u00caNCIA SOCIAL, CIDADANIA E DIREITOS HUMANOS E ASSOCIA\u00c7\u00c3O MENONITA BENEFICENTE.","indexacao":"","observacao":"DECRETO LEGISLATIVO 672","resultado":"","texto_original":"http://sapl.palmeira.pr.leg.br/media/sapl/public/materialegislativa/2016/131/131_texto_integral.pdf","data_ultima_atualizacao":"2022-08-03T11:52:54.413717-03:00","ip":"201.130.84.10","ultima_edicao":"2022-08-03T11:52:54.185841-03:00","tipo":6,"regime_tramitacao":1,"tipo_origem_externa":null,"local_origem_externa":null,"user":23,"anexadas":[],"autores":[]}