{"id":156,"__str__":"Projeto de Decreto Legislativo n\u00ba 637 de 2015","link_detail_backend":"/materia/156","metadata":{},"numero":637,"ano":2015,"numero_protocolo":null,"data_apresentacao":"2015-04-14","tipo_apresentacao":"","data_publicacao":null,"numero_origem_externa":"","ano_origem_externa":null,"data_origem_externa":null,"apelido":"","dias_prazo":null,"data_fim_prazo":null,"em_tramitacao":false,"polemica":null,"objeto":"","complementar":null,"ementa":"REFERENDA O TERMO DE CONV\u00caNIO SOB N\u00ba 21/2015 - QUE ENTRE SI CELEBRAM O MUNIC\u00cdPIO DE PALMEIRA, POR INTERM\u00c9DIO DA SECRETARIA DE ASSIST\u00caNCIA SOCIAL, CIDADANIA E DIREITOS HUMANOS E A ASSOCIA\u00c7\u00c3O MENONITA BENEFICENTE - AMB.","indexacao":"","observacao":"DECRETO LEGISLATIVO 636","resultado":"","texto_original":"http://sapl.palmeira.pr.leg.br/media/sapl/public/materialegislativa/2015/156/156_texto_integral.pdf","data_ultima_atualizacao":"2018-07-12T13:45:07.973272-03:00","ip":"","ultima_edicao":null,"tipo":6,"regime_tramitacao":1,"tipo_origem_externa":null,"local_origem_externa":null,"user":null,"anexadas":[],"autores":[]}