{"id":4299,"__str__":"Indica\u00e7\u00e3o n\u00ba 197 de 2022","link_detail_backend":"/materia/4299","metadata":{},"numero":197,"ano":2022,"numero_protocolo":null,"data_apresentacao":"2022-10-11","tipo_apresentacao":"","data_publicacao":null,"numero_origem_externa":"","ano_origem_externa":null,"data_origem_externa":null,"apelido":"","dias_prazo":null,"data_fim_prazo":null,"em_tramitacao":false,"polemica":false,"objeto":"","complementar":false,"ementa":"Indica \u00e0 Secretaria Municipal de Desenvolvimento Urbano a instala\u00e7\u00e3o de ilumina\u00e7\u00e3o p\u00fablica nas ruas Jos\u00e9 A. Bordignon, Fritz Kliver, Andr\u00e9 Gumy, General Augustinho dos Santos, Jo\u00e3o Bornancim, Manoel dos Santos e Sebasti\u00e3o Pires.","indexacao":"Protocolo n\u00ba 836/2022","observacao":"","resultado":"","texto_original":"http://sapl.palmeira.pr.leg.br/media/sapl/public/materialegislativa/2022/4299/indicacao_no_197-2022.pdf","data_ultima_atualizacao":"2022-10-20T08:15:05.015566-03:00","ip":"201.130.84.10","ultima_edicao":"2022-10-11T13:18:53.739955-03:00","tipo":8,"regime_tramitacao":1,"tipo_origem_externa":null,"local_origem_externa":null,"user":23,"anexadas":[],"autores":[45]}