{"id":4525,"__str__":"Requerimento n\u00ba 19 de 2023","link_detail_backend":"/materia/4525","metadata":{},"numero":19,"ano":2023,"numero_protocolo":null,"data_apresentacao":"2023-04-04","tipo_apresentacao":"","data_publicacao":null,"numero_origem_externa":"","ano_origem_externa":null,"data_origem_externa":null,"apelido":"","dias_prazo":null,"data_fim_prazo":null,"em_tramitacao":false,"polemica":false,"objeto":"","complementar":false,"ementa":"Requer, ouvido o Plen\u00e1rio, seja encaminhado of\u00edcio ao Excelent\u00edssimo Senhor Prefeito Municipal, solicitando informa\u00e7\u00f5es se existe previs\u00e3o de contrata\u00e7\u00e3o de psic\u00f3logos e fonoaudi\u00f3logos para atendimento das pessoas com transtorno do espectro autista, via Sistema de Sa\u00fade Municipal.","indexacao":"Protocolo n\u00ba 240/2023","observacao":"","resultado":"","texto_original":"http://sapl.palmeira.pr.leg.br/media/sapl/public/materialegislativa/2023/4525/requerimento_no_19-2023.pdf","data_ultima_atualizacao":"2023-04-12T10:47:28.828967-03:00","ip":"201.130.84.10","ultima_edicao":"2023-04-04T16:24:27.385787-03:00","tipo":3,"regime_tramitacao":1,"tipo_origem_externa":null,"local_origem_externa":null,"user":23,"anexadas":[],"autores":[42]}