{"id":4736,"__str__":"Projeto de Lei n\u00ba 6125 de 2023","link_detail_backend":"/materia/4736","metadata":{},"numero":6125,"ano":2023,"numero_protocolo":null,"data_apresentacao":"2023-08-08","tipo_apresentacao":"","data_publicacao":null,"numero_origem_externa":"","ano_origem_externa":null,"data_origem_externa":null,"apelido":"","dias_prazo":null,"data_fim_prazo":null,"em_tramitacao":false,"polemica":false,"objeto":"","complementar":false,"ementa":"Autoriza o Poder Executivo a celebrar termo aditivo ao termo de colabora\u00e7\u00e3o n\u00ba 101/2022, o qual tem por objeto o repasse de recursos financeiros \u00e0 Associa\u00e7\u00e3o Menonita Beneficente e d\u00e1 outras provid\u00eancias.","indexacao":"Protocolo n\u00ba 626/2023","observacao":"Relatores\r\nCCLJR: Vereador Joslei Sequineli\r\nCEOFF: Vereador Lucas dos Santos\r\nCECBESMA: Vereador Lucas dos Santos","resultado":"","texto_original":"http://sapl.palmeira.pr.leg.br/media/sapl/public/materialegislativa/2023/4736/6125.pdf","data_ultima_atualizacao":"2023-08-23T14:05:45.503951-03:00","ip":"201.130.84.10","ultima_edicao":"2023-08-09T13:22:26.985985-03:00","tipo":9,"regime_tramitacao":2,"tipo_origem_externa":null,"local_origem_externa":null,"user":23,"anexadas":[],"autores":[21]}