{"id":4833,"__str__":"Requerimento n\u00ba 96 de 2023","link_detail_backend":"/materia/4833","metadata":{},"numero":96,"ano":2023,"numero_protocolo":null,"data_apresentacao":"2023-09-26","tipo_apresentacao":"","data_publicacao":null,"numero_origem_externa":"","ano_origem_externa":null,"data_origem_externa":null,"apelido":"","dias_prazo":null,"data_fim_prazo":null,"em_tramitacao":false,"polemica":false,"objeto":"","complementar":false,"ementa":"Requer, ap\u00f3s ouvido o Plen\u00e1rio desta C\u00e2mara Municipal, seja encaminhado expediente ao Senhor Titular do Cart\u00f3rio de Registro de Im\u00f3veis desta Comarca, solicitando fotoc\u00f3pia de todos os documentos que serviram de base legal para a retifica\u00e7\u00e3o da \u00e1rea, medidas e confronta\u00e7\u00f5es da matr\u00edcula 7663, a qual culminou com a abertura da matr\u00edcula 12831, principalmente os documentos onde constem as anu\u00eancias dos confrontantes.","indexacao":"Protocolo n\u00ba 823/2023","observacao":"","resultado":"","texto_original":"http://sapl.palmeira.pr.leg.br/media/sapl/public/materialegislativa/2023/4833/requerimento_no_96-2023.pdf","data_ultima_atualizacao":"2023-10-04T11:40:22.683855-03:00","ip":"201.130.84.10","ultima_edicao":"2023-09-26T13:00:32.581814-03:00","tipo":3,"regime_tramitacao":1,"tipo_origem_externa":null,"local_origem_externa":null,"user":23,"anexadas":[],"autores":[41]}