{"id":4871,"__str__":"Requerimento n\u00ba 107 de 2023","link_detail_backend":"/materia/4871","metadata":{},"numero":107,"ano":2023,"numero_protocolo":null,"data_apresentacao":"2023-10-17","tipo_apresentacao":"","data_publicacao":null,"numero_origem_externa":"","ano_origem_externa":null,"data_origem_externa":null,"apelido":"","dias_prazo":null,"data_fim_prazo":null,"em_tramitacao":false,"polemica":false,"objeto":"","complementar":false,"ementa":"Requer, ouvido o Plen\u00e1rio, seja encaminhado expediente \u00e0 Secretaria Municipal de Desenvolvimento Rural, solicitando informa\u00e7\u00f5es se existe previs\u00e3o para a realiza\u00e7\u00e3o do alargamento e coloca\u00e7\u00e3o de pedras nas curvas fechadas no cal\u00e7amento da localidade de Vieiras, principalmente perto das resid\u00eancias dos senhores Jos\u00e9 Martins e Nicolau Mika.","indexacao":"Protocolo n\u00ba 896/2023","observacao":"","resultado":"","texto_original":"http://sapl.palmeira.pr.leg.br/media/sapl/public/materialegislativa/2023/4871/requerimento_no_107-2023.pdf","data_ultima_atualizacao":"2023-10-25T16:21:28.679987-03:00","ip":"201.130.84.10","ultima_edicao":"2023-10-17T16:17:14.414764-03:00","tipo":3,"regime_tramitacao":1,"tipo_origem_externa":null,"local_origem_externa":null,"user":23,"anexadas":[],"autores":[47]}