{"id":5433,"__str__":"Indica\u00e7\u00e3o n\u00ba 5 de 2025","link_detail_backend":"/materia/5433","metadata":{},"numero":5,"ano":2025,"numero_protocolo":null,"data_apresentacao":"2025-01-28","tipo_apresentacao":"","data_publicacao":null,"numero_origem_externa":"","ano_origem_externa":null,"data_origem_externa":null,"apelido":"","dias_prazo":null,"data_fim_prazo":null,"em_tramitacao":false,"polemica":false,"objeto":"","complementar":false,"ementa":"Indica ao Exmo. Sr. Prefeito Municipal, que junto com a Secretaria Municipal de Educa\u00e7\u00e3o, vejam da possibilidade da instala\u00e7\u00e3o de aparelhos de ar-condicionado nas salas de aula da rede p\u00fablica municipal.","indexacao":"Protocolo n 09/2025.","observacao":"","resultado":"","texto_original":"http://sapl.palmeira.pr.leg.br/media/sapl/public/materialegislativa/2025/5433/indicacao_n_05-2025.pdf","data_ultima_atualizacao":"2025-02-14T10:49:39.069148-03:00","ip":"201.130.84.10","ultima_edicao":"2025-01-28T16:11:57.313132-03:00","tipo":8,"regime_tramitacao":1,"tipo_origem_externa":null,"local_origem_externa":null,"user":23,"anexadas":[],"autores":[44]}