{"id":5441,"__str__":"Indica\u00e7\u00e3o n\u00ba 13 de 2025","link_detail_backend":"/materia/5441","metadata":{},"numero":13,"ano":2025,"numero_protocolo":null,"data_apresentacao":"2025-01-31","tipo_apresentacao":"","data_publicacao":null,"numero_origem_externa":"","ano_origem_externa":null,"data_origem_externa":null,"apelido":"","dias_prazo":null,"data_fim_prazo":null,"em_tramitacao":false,"polemica":false,"objeto":"","complementar":false,"ementa":"Indica \u00e0 Secretaria de Desenvolvimento Urbano, a melhoria na ilumina\u00e7\u00e3o p\u00fablica na rua S\u00e3o Sebasti\u00e3o e na Via Fiorello El\u00f3y Cherobim que margeia a BR-277, desde a rotat\u00f3ria da Col\u00f4nia Francesa at\u00e9 a entrada di Bairro Rocio II.","indexacao":"Protocolo n\u00ba 17/2025","observacao":"","resultado":"","texto_original":"http://sapl.palmeira.pr.leg.br/media/sapl/public/materialegislativa/2025/5441/indicacao_13-2025.pdf","data_ultima_atualizacao":"2025-02-14T11:00:44.646015-03:00","ip":"201.130.84.10","ultima_edicao":"2025-01-31T13:40:23.550254-03:00","tipo":8,"regime_tramitacao":1,"tipo_origem_externa":null,"local_origem_externa":null,"user":23,"anexadas":[],"autores":[46]}