{"id":5444,"__str__":"Indica\u00e7\u00e3o n\u00ba 15 de 2025","link_detail_backend":"/materia/5444","metadata":{},"numero":15,"ano":2025,"numero_protocolo":null,"data_apresentacao":"2025-02-04","tipo_apresentacao":"","data_publicacao":null,"numero_origem_externa":"","ano_origem_externa":null,"data_origem_externa":null,"apelido":"","dias_prazo":null,"data_fim_prazo":null,"em_tramitacao":false,"polemica":false,"objeto":"","complementar":false,"ementa":"Indica a Secretaria Municipal de Meio Ambiente, Cultura, Turismo e Comunica\u00e7\u00e3o, a instala\u00e7\u00e3o de lixeiras seletivas na Col\u00f4nia Quero-Quero, bem como a inclus\u00e3o dessa comunidade no cronograma de coleta de lixo recicl\u00e1vel.","indexacao":"Protocolo n\u00ba 20/2025","observacao":"","resultado":"","texto_original":"http://sapl.palmeira.pr.leg.br/media/sapl/public/materialegislativa/2025/5444/indicacao_15-2025.pdf","data_ultima_atualizacao":"2025-02-14T11:05:47.560717-03:00","ip":"201.130.84.10","ultima_edicao":"2025-02-04T15:33:28.421042-03:00","tipo":8,"regime_tramitacao":1,"tipo_origem_externa":null,"local_origem_externa":null,"user":23,"anexadas":[],"autores":[59]}