{"id":5547,"__str__":"Anteprojeto de Lei n\u00ba 1 de 2025","link_detail_backend":"/materia/5547","metadata":{},"numero":1,"ano":2025,"numero_protocolo":null,"data_apresentacao":"2025-03-14","tipo_apresentacao":"","data_publicacao":null,"numero_origem_externa":"","ano_origem_externa":null,"data_origem_externa":null,"apelido":"","dias_prazo":null,"data_fim_prazo":null,"em_tramitacao":false,"polemica":false,"objeto":"","complementar":false,"ementa":"Disp\u00f5e sobre a redu\u00e7\u00e3o da jornada de trabalho dos servidores p\u00fablicos municipais que sejam pais ou respons\u00e1veis por crian\u00e7a portadora da s\u00edndrome do espectro autista, na forma que especifica.","indexacao":"Protocolo n\u00ba 180/2025","observacao":"","resultado":"","texto_original":"http://sapl.palmeira.pr.leg.br/media/sapl/public/materialegislativa/2025/5547/anteprojeto_de_lei_01-2025.pdf","data_ultima_atualizacao":"2025-03-26T08:13:41.108431-03:00","ip":"201.130.84.10","ultima_edicao":"2025-03-17T09:46:40.759932-03:00","tipo":10,"regime_tramitacao":1,"tipo_origem_externa":null,"local_origem_externa":null,"user":23,"anexadas":[],"autores":[44]}