{"headers": {"id": "ID", "ano": "Ano", "numero": "N\u00famero", "tipo__sigla": "Tipo de Mat\u00e9ria Legislativa/Sigla", "tipo__descricao": "Tipo de Mat\u00e9ria Legislativa/Descri\u00e7\u00e3o", "autoria": "Autorias", "texto_original": "Texto Original", "ementa": "Ementa"}, "results": [{"id": "199", "ano": "2014", "numero": "582", "tipo__sigla": "PDL", "tipo__descricao": "Projeto de Decreto Legislativo", "autoria": "", "texto_original": "http://sapl.palmeira.pr.leg.br/media/./sapl/public/materialegislativa/2014/199/199_texto_integral.pdf", "ementa": "REFERENDA O TERMO DE PARCERIA SOB N\u00ba 01/2013, QUE ENTRE SI CELEBRAM O MUNIC\u00cdPIO DE PALMEIRA E \u00c1 FUNDA\u00c7\u00c3O SICREDI."}, {"id": "200", "ano": "2014", "numero": "583", "tipo__sigla": "PDL", "tipo__descricao": "Projeto de Decreto Legislativo", "autoria": "", "texto_original": "http://sapl.palmeira.pr.leg.br/media/./sapl/public/materialegislativa/2014/200/200_texto_integral.pdf", "ementa": "REFERENDA O TERMO ADITIVO AO CONTRATO DE REPASSE N\u00ba 029836/2009, QUE ENTRE SI CELEBRAM A UNI\u00c3O, POR INTERM\u00c9DIO DO MINIST\u00c9RIO DE ESPORTE, REPRESENTADO PELA CAIXA ECON\u00d4MICA FEDERAL, E O MUNIC\u00cdPIO DE PALMEIRA."}, {"id": "201", "ano": "2014", "numero": "584", "tipo__sigla": "PDL", "tipo__descricao": "Projeto de Decreto Legislativo", "autoria": "", "texto_original": "http://sapl.palmeira.pr.leg.br/media/./sapl/public/materialegislativa/2014/201/201_texto_integral.pdf", "ementa": "REFERENDA O TERMO ADITIVO AO CONTRATO DE REPASSE N\u00ba 0295946/2009, QUE ENTRE SI CELEBRAM A UNI\u00c3O, POR INTERM\u00c9DIO DO MINIST\u00c9RIO DO TURISMO, REPRESENTADO PELA CAIXA ECON\u00d4MICA FEDERAL E O MUNIC\u00cdPIO DE PALMEIRA."}, {"id": "202", "ano": "2014", "numero": "585", "tipo__sigla": "PDL", "tipo__descricao": "Projeto de Decreto Legislativo", "autoria": "", "texto_original": "http://sapl.palmeira.pr.leg.br/media/./sapl/public/materialegislativa/2014/202/202_texto_integral.pdf", "ementa": "REFERENDA O CONV\u00caNIO N\u00ba01/2014 - PMP/SMOI, QUE ENTRE SI CELEBRAM O MUNIC\u00cdPIO DE PALMEIRA, POR INTERM\u00c9DIO DA SECRETARIA MUNICIPAL DE OBRAS E INFRAESTRUTURA, E A ASSOCIA\u00c7\u00c3O COMUNIT\u00c1RIA DOS MORADORES PROPRIET\u00c1RIOS DE WITMARSUM."}, {"id": "203", "ano": "2014", "numero": "586", "tipo__sigla": "PDL", "tipo__descricao": "Projeto de Decreto Legislativo", "autoria": "", "texto_original": "http://sapl.palmeira.pr.leg.br/media/./sapl/public/materialegislativa/2014/203/203_texto_integral.pdf", "ementa": "REFERENDA O TERMO DE CONV\u00caNIO SOB N\u00ba 02/14, QUE ENTRE SI CELEBRAM O MUNIC\u00cdPIO DE PALMEIRA, POR INTERM\u00c9DIO DA SECRETARIA DE ASSIST\u00caNCIA SOCIAL, CIDADANIA E DIREITOS HUMANOS E O PROGRAMA DO VOLUNTARIADO PARANAENSE - PROVOPAR."}, {"id": "204", "ano": "2014", "numero": "587", "tipo__sigla": "PDL", "tipo__descricao": "Projeto de Decreto Legislativo", "autoria": "", "texto_original": "http://sapl.palmeira.pr.leg.br/media/./sapl/public/materialegislativa/2014/204/204_texto_integral.pdf", "ementa": "REFERENDA O TERMO DE CONV\u00caNIO SOB N\u00ba 03/14, QUE ENTRE SI CELEBRAM O MUNIC\u00cdPIO DE PALMEIRA, POR INTERM\u00c9DIO DA SECRETARIA DE ASSIT\u00caNCIA SOCIAL, CIDADANIA E DIREITOS HUMANOS E A ASSOCIA\u00c7\u00c3O MENONITA DE ASSIST\u00caNCIA SOCIAL - AMAS."}, {"id": "205", "ano": "2014", "numero": "588", "tipo__sigla": "PDL", "tipo__descricao": "Projeto de Decreto Legislativo", "autoria": "", "texto_original": "http://sapl.palmeira.pr.leg.br/media/./sapl/public/materialegislativa/2014/205/205_texto_integral.pdf", "ementa": "REFERENDA O TERMO DE CONV\u00caNIO SOB N\u00ba 04/14, QUE ENTRE SI CELEBRAM O MUNIC\u00cdPIO DE PALMEIRA, POR INTERM\u00c9DIO DA SECRETARIA DE ASSIT\u00caNCIA SOCIAL, CIDADANIA E DIREITOS HUMANOS E A ASSOCIA\u00c7\u00c3O PROJETO RENASCER."}, {"id": "206", "ano": "2014", "numero": "589", "tipo__sigla": "PDL", "tipo__descricao": "Projeto de Decreto Legislativo", "autoria": "", "texto_original": "http://sapl.palmeira.pr.leg.br/media/./sapl/public/materialegislativa/2014/206/206_texto_integral.pdf", "ementa": "REFERENDA O TERMO DE CONV\u00caNIO SOB N\u00ba 05/14, QUE ENTRE SI CELEBRAM O MUNIC\u00cdPIO DE PALMEIRA, POR INTERM\u00c9DIO DA SECRETARIA DE ASSIT\u00caNCIA SOCIAL, CIDADANIA E DIREITOS HUMANOS E A ASSOCIA\u00c7\u00c3O DE PAIS E AMIGOS DOS EXCEPCIONAIS DE PALMEIRA - APAE."}, {"id": "207", "ano": "2014", "numero": "590", "tipo__sigla": "PDL", "tipo__descricao": "Projeto de Decreto Legislativo", "autoria": "", "texto_original": "http://sapl.palmeira.pr.leg.br/media/./sapl/public/materialegislativa/2014/207/207_texto_integral.pdf", "ementa": "REFERENDA O TERMO DE CONV\u00caNIO SOB N\u00ba 06/14, QUE ENTRE SI CELEBRAM O MUNIC\u00cdPIO DE PALMEIRA, POR INTERM\u00c9DIO DA SECRETARIA DE ASSIT\u00caNCIA SOCIAL, CIDADANIA E DIREITOS HUMANOS E A ASSOCIA\u00c7\u00c3O DE PAIS E AMIGOS DA EDUCA\u00c7\u00c3O ESPECIAL E REABILITA\u00c7\u00c3O DR. JORGE AMIN BACILA - APAER."}, {"id": "208", "ano": "2014", "numero": "591", "tipo__sigla": "PDL", "tipo__descricao": "Projeto de Decreto Legislativo", "autoria": "", "texto_original": "http://sapl.palmeira.pr.leg.br/media/./sapl/public/materialegislativa/2014/208/208_texto_integral.pdf", "ementa": "REFERENDA O TERMO DE CONV\u00caNIO SOB N\u00ba 07/14, QUE ENTRE SI CELEBRAM O MUNIC\u00cdPIO DE PALMEIRA, POR INTERM\u00c9DIO DA SECRETARIA DE ASSIT\u00caNCIA SOCIAL, CIDADANIA E DIREITOS HUMANOS E A ASSOCIA\u00c7\u00c3O DE PAIS E A VILA VICENTINA FREDERIXO OZANA."}, {"id": "209", "ano": "2014", "numero": "592", "tipo__sigla": "PDL", "tipo__descricao": "Projeto de Decreto Legislativo", "autoria": "", "texto_original": "http://sapl.palmeira.pr.leg.br/media/./sapl/public/materialegislativa/2014/209/209_texto_integral.pdf", "ementa": "REFERENDA O TERMO DE CONV\u00caNIO SOB N\u00ba 08/14, QUE ENTRE SI CELEBRAM O MUNIC\u00cdPIO DE PALMEIRA, POR INTERM\u00c9DIO DA SECRETARIA DE ASSIT\u00caNCIA SOCIAL, CIDADANIA E DIREITOS HUMANOS E O LAR ACELINO."}, {"id": "210", "ano": "2014", "numero": "593", "tipo__sigla": "PDL", "tipo__descricao": "Projeto de Decreto Legislativo", "autoria": "", "texto_original": "http://sapl.palmeira.pr.leg.br/media/./sapl/public/materialegislativa/2014/210/210_texto_integral.pdf", "ementa": "REFERENDA O TERMO DE CONV\u00caNIO SOB N\u00ba 09/14, QUE ENTRE SI CELEBRAM O MUNIC\u00cdPIO DE PALMEIRA, POR INTERM\u00c9DIO DA SECRETARIA DE ASSIT\u00caNCIA SOCIAL, CIDADANIA E DIREITOS HUMANOS E A ASSOCIA\u00c7\u00c3O PROJETO RENASCER."}, {"id": "211", "ano": "2014", "numero": "594", "tipo__sigla": "PDL", "tipo__descricao": "Projeto de Decreto Legislativo", "autoria": "", "texto_original": "http://sapl.palmeira.pr.leg.br/media/./sapl/public/materialegislativa/2014/211/211_texto_integral.pdf", "ementa": "REFERENDA O TERMO DE CONV\u00caNIO SOB N\u00ba 10/14, QUE ENTRE SI CELEBRAM O MUNIC\u00cdPIO DE PALMEIRA, POR INTERM\u00c9DIO DA SECRETARIA DE ASSIT\u00caNCIA SOCIAL, CIDADANIA E DIREITOS HUMANOS E A ASSOCIA\u00c7\u00c3O FAM\u00cdLIA DE MARIA."}, {"id": "212", "ano": "2014", "numero": "595", "tipo__sigla": "PDL", "tipo__descricao": "Projeto de Decreto Legislativo", "autoria": "", "texto_original": "http://sapl.palmeira.pr.leg.br/media/./sapl/public/materialegislativa/2014/212/212_texto_integral.pdf", "ementa": "REFERENDA O TERMO DE CONV\u00caNIO SOB N\u00ba 11/14, QUE ENTRE SI CELEBRAM O MUNIC\u00cdPIO DE PALMEIRA, POR INTERM\u00c9DIO DA SECRETARIA DE ASSIT\u00caNCIA SOCIAL, CIDADANIA E DIREITOS HUMANOS E A ASSOCIA\u00c7\u00c3O MENONITA BENEFICENTE - AMB."}, {"id": "213", "ano": "2014", "numero": "596", "tipo__sigla": "PDL", "tipo__descricao": "Projeto de Decreto Legislativo", "autoria": "", "texto_original": "http://sapl.palmeira.pr.leg.br/media/./sapl/public/materialegislativa/2014/213/213_texto_integral.pdf", "ementa": "REFERENDA O TERMO DE CONV\u00caNIO SOB N\u00ba 12/14, QUE ENTRE SI CELEBRAM O MUNIC\u00cdPIO DE PALMEIRA, POR INTERM\u00c9DIO DA SECRETARIA DE ASSIT\u00caNCIA SOCIAL, CIDADANIA E DIREITOS HUMANOS E A ASSOCIA\u00c7\u00c3O MENONITA BENEFICENTE - AMB."}, {"id": "214", "ano": "2014", "numero": "597", "tipo__sigla": "PDL", "tipo__descricao": "Projeto de Decreto Legislativo", "autoria": "", "texto_original": "http://sapl.palmeira.pr.leg.br/media/./sapl/public/materialegislativa/2014/214/214_texto_integral.pdf", "ementa": "REFERENDA O CONTRATO DE FINANCIAMENTO N\u00ba 0399681-61/2013, QUE ENTRE SI FAZEM A CAIXA ECON\u00d4MICA FEDERAL E O MUNIC\u00cdPIO DE PALMEIRA, DESTINADO \u00c0 EXECU\u00c7\u00c3O DE OBRAS/SERVI\u00c7OS NO MUNIC\u00cdPIO, NO \u00c2MBITO DO PR\u00d3-TRANSPORTE."}, {"id": "215", "ano": "2014", "numero": "598", "tipo__sigla": "PDL", "tipo__descricao": "Projeto de Decreto Legislativo", "autoria": "", "texto_original": "http://sapl.palmeira.pr.leg.br/media/./sapl/public/materialegislativa/2014/215/215_texto_integral.pdf", "ementa": "REFERENDA O PRIMEIRO TERMO ADITIVO AO CONV\u00caNIO N\u00ba 001/2014, CELEBRADO ENTRE O MUNIC\u00cdPIO DE PALMEIRA E A ASSOCIA\u00c7\u00c3O DOS MORADORES PROPRIET\u00c1RIOS DE WITMARSUM."}, {"id": "216", "ano": "2014", "numero": "599", "tipo__sigla": "PDL", "tipo__descricao": "Projeto de Decreto Legislativo", "autoria": "", "texto_original": "http://sapl.palmeira.pr.leg.br/media/./sapl/public/materialegislativa/2014/216/216_texto_integral.pdf", "ementa": "REFERENDA O TERMO DE CONV\u00caNIO SOB N\u00ba 13/14, QUE ENTRE SI CELEBRAM O MUNIC\u00cdPIO DE PALMEIRA, POR INTERM\u00c9DIO DA SECRETARIA DE ASSIT\u00caNCIA SOCIAL, CIDADANIA E DIREITOS HUMANOS E O LAR ACELINO."}, {"id": "217", "ano": "2014", "numero": "600", "tipo__sigla": "PDL", "tipo__descricao": "Projeto de Decreto Legislativo", "autoria": "", "texto_original": "http://sapl.palmeira.pr.leg.br/media/./sapl/public/materialegislativa/2014/217/217_texto_integral.pdf", "ementa": "REFERENDA O TERMO DE CONV\u00caNIO SOB N\u00ba 14/14, QUE ENTRE SI CELEBRAM O MUNIC\u00cdPIO DE PALMEIRA, POR INTERM\u00c9DIO DA SECRETARIA DE ASSIT\u00caNCIA SOCIAL, CIDADANIA E DIREITOS HUMANOS E A ASSOCIA\u00c7\u00c3O DE PAIS E AMIGOS DOS EXCEPCIONAIS DE PALMEIRA - APAE."}, {"id": "218", "ano": "2014", "numero": "601", "tipo__sigla": "PDL", "tipo__descricao": "Projeto de Decreto Legislativo", "autoria": "", "texto_original": "http://sapl.palmeira.pr.leg.br/media/./sapl/public/materialegislativa/2014/218/218_texto_integral.pdf", "ementa": "REFERENDA O TERMO DE CONV\u00caNIO SOB N\u00ba 15/14, QUE ENTRE SI CELEBRAM O MUNIC\u00cdPIO DE PALMEIRA, POR INTERM\u00c9DIO DA SECRETARIA DE ASSIT\u00caNCIA SOCIAL, CIDADANIA E DIREITOS HUMANOS E A ASSOCIA\u00c7\u00c3O SOCIAL IMACULADA CONCEI\u00c7\u00c3O."}, {"id": "219", "ano": "2014", "numero": "602", "tipo__sigla": "PDL", "tipo__descricao": "Projeto de Decreto Legislativo", "autoria": "", "texto_original": "http://sapl.palmeira.pr.leg.br/media/./sapl/public/materialegislativa/2014/219/219_texto_integral.pdf", "ementa": "REFERENDA O TERMO DE RETIFICA\u00c7\u00c3O AO TERMO DE CONV\u00caNIO SOB N\u00ba 05/2014, QUE ENTRE SI CELEBRAM O MUNIC\u00cdPIO DE PALMEIRA, POR INTERM\u00c9DIO DA SECRETARIA DE ASSIST\u00caNCIA SOCIAL, CIDADANIA E DIREITOS HUMANOS E A ASSOCIA\u00c7\u00c3O DE PAIS E AMIGOS DOS EXCEPCIONAIS DE PALMEIRA - APAE."}, {"id": "220", "ano": "2014", "numero": "603", "tipo__sigla": "PDL", "tipo__descricao": "Projeto de Decreto Legislativo", "autoria": "", "texto_original": "http://sapl.palmeira.pr.leg.br/media/./sapl/public/materialegislativa/2014/220/220_texto_integral.pdf", "ementa": "REFERENDA O TERMO DE RETIFICA\u00c7\u00c3O AO TERMO DE CONV\u00caNIO SOB N\u00ba 08/14, QUE ENTRE SI CELEBRAM O MUNIC\u00cdPIO DE PALMEIRA, POR INTERM\u00c9DIO DA SECRETARIA DE ASSIT\u00caNCIA SOCIAL, CIDADANIA E DIREITOS HUMANOS E LAR LEVI."}, {"id": "221", "ano": "2014", "numero": "604", "tipo__sigla": "PDL", "tipo__descricao": "Projeto de Decreto Legislativo", "autoria": "", "texto_original": "http://sapl.palmeira.pr.leg.br/media/./sapl/public/materialegislativa/2014/221/221_texto_integral.pdf", "ementa": "REFERENDA O TERMO DE RETIFICA\u00c7\u00c3O AO TERMO DE CONV\u00caNIO SOB N\u00ba 09/14, QUE ENTRE SI CELEBRAM O MUNIC\u00cdPIO DE PALMEIRA, POR INTERM\u00c9DIO DA SECRETARIA DE ASSIT\u00caNCIA SOCIAL, CIDADANIA E DIREITOS HUMANOS E A ASSOCIA\u00c7\u00c3O PROJETO RENASCER."}, {"id": "222", "ano": "2014", "numero": "605", "tipo__sigla": "PDL", "tipo__descricao": "Projeto de Decreto Legislativo", "autoria": "", "texto_original": "http://sapl.palmeira.pr.leg.br/media/./sapl/public/materialegislativa/2014/222/222_texto_integral.pdf", "ementa": "REFERENDA O TERMO DE RETIFICA\u00c7\u00c3O AO TERMO DE CONV\u00caNIO SOB N\u00ba 12/14, QUE ENTRE SI CELEBRAM O MUNIC\u00cdPIO DE PALMEIRA, POR INTERM\u00c9DIO DA SECRETARIA DE ASSIT\u00caNCIA SOCIAL, CIDADANIA E DIREITOS HUMANOS E A ASSOCIA\u00c7\u00c3O MENONITA BENEFICENTE - AMB."}, {"id": "223", "ano": "2014", "numero": "606", "tipo__sigla": "PDL", "tipo__descricao": "Projeto de Decreto Legislativo", "autoria": "", "texto_original": "http://sapl.palmeira.pr.leg.br/media/./sapl/public/materialegislativa/2014/223/223_texto_integral.pdf", "ementa": "REFERENDA O TERMO DE COMPROMISSO SOB N\u00ba 789298/13 PR, QUE ENTRE SI CELEBRAM A UNI\u00c3O FEDERAL, POR INTERM\u00c9DIO DO MINIST\u00c9RIO DAS CIDADES, REPRESENTADO PELA CAIXA ECON\u00d4MICA FEDERAL, E O MUNIC\u00cdPIO DE PALMEIRA/PR, OBJETIVANDO A EXECU\u00c7\u00c3O DE A\u00c7\u00d5ES RELATIVAS AO MCID/PLANEJ/URBANO - PAVIMENT\u00c3\u00c7\u00c3O."}, {"id": "224", "ano": "2014", "numero": "607", "tipo__sigla": "PDL", "tipo__descricao": "Projeto de Decreto Legislativo", "autoria": "", "texto_original": "http://sapl.palmeira.pr.leg.br/media/./sapl/public/materialegislativa/2014/224/224_texto_integral.pdf", "ementa": "REFERENDA O TERMO DE COMPROMISSO SOB N\u00ba 800548/13 PR, QUE ENTRE SI CELEBRAM A UNI\u00c3O FEDERAL, POR INTERM\u00c9DIO DO MINIST\u00c9RIO DAS CIDADES, REPRESENTADO PELA CAIXA ECON\u00d4MICA FEDERAL, E O MUNC\u00cdPIO DE PALMEIRA/PR, OBJETIVANDO A EXECU\u00c7\u00c3O DE A\u00c7\u00d5ES REALTIVAS AO MCID/PLANEJ/URBANO - PAVIMENTA\u00c7\u00c3O"}, {"id": "225", "ano": "2014", "numero": "608", "tipo__sigla": "PDL", "tipo__descricao": "Projeto de Decreto Legislativo", "autoria": "", "texto_original": "http://sapl.palmeira.pr.leg.br/media/./sapl/public/materialegislativa/2014/225/225_texto_integral.pdf", "ementa": "REFERENDA O TERMO DE COMPROMISSO SOB N\u00ba 788681/13 PR, QUE ENTRE SI CELEBRAM A UNI\u00c3O FEDERAL, POR INTERM\u00c9DIO DO MINIST\u00c9RIO DAS CIDADES, REPRESENTADO PELA CAIXA ECON\u00d4MICA FEDERAL, E O MUNIC\u00cdPIO DE PALMEIRA/PR, OBJETIVANDO A EXECU\u00c7\u00c3O DE A\u00c7\u00d5ES RELATIVAS AO MCID/PLANEJ/URBANO - PAVIMENTA\u00c7\u00c3O."}, {"id": "226", "ano": "2014", "numero": "609", "tipo__sigla": "PDL", "tipo__descricao": "Projeto de Decreto Legislativo", "autoria": "", "texto_original": "http://sapl.palmeira.pr.leg.br/media/./sapl/public/materialegislativa/2014/226/226_texto_integral.pdf", "ementa": "REFERENDA O CONTRATO DE FINANCIAMENTO N\u00ba 3321/14, QUE ENTRE SI CELEBRAM A AG\u00caNCIA DE FOMENTO DO PARAN\u00c1 S/A E O MUNIC\u00cdPIO DE PALMEIRA."}, {"id": "227", "ano": "2014", "numero": "610", "tipo__sigla": "PDL", "tipo__descricao": "Projeto de Decreto Legislativo", "autoria": "", "texto_original": "http://sapl.palmeira.pr.leg.br/media/./sapl/public/materialegislativa/2014/227/227_texto_integral.pdf", "ementa": "REFERENDA O CONTRATO DE FINANCIAMENTO N\u00ba 3337/14, QUE ENTRE SI CELEBRAM A AG\u00caNCIA DE FOMENTO DO PARAN\u00c1 S/A E O MUN\u00cdC\u00cdPIO DE PALMEIRA, DESTINADO \u00c0 EXECU\u00c7\u00c3O DE OBRAS/SERVI\u00c7OS NO MUNIC\u00cdPIO, NO \u00c2MBITO DO PR\u00d3-TRANSPORTE."}, {"id": "228", "ano": "2014", "numero": "611", "tipo__sigla": "PDL", "tipo__descricao": "Projeto de Decreto Legislativo", "autoria": "", "texto_original": "http://sapl.palmeira.pr.leg.br/media/./sapl/public/materialegislativa/2014/228/228_texto_integral.pdf", "ementa": "REFERENDA O TERMO DE CONV\u00caNIO SOB N\u00ba 01/14, QUE ENTRE SI CELEBRAM O MUNIC\u00cdPIO DE PALMEIRA, CONSEG - CONSELHO COMUNIT\u00c1RIO DE SEGURAN\u00c7A DE PALMEIRA E SECRETARIA DE ESTADO DE SEGURAN\u00c7A P\u00daBLICA DO PARAN\u00c1 POR INTERM\u00c9DIO DO 2\u00ba PELOT\u00c3O DA POL\u00cdCIA MILITAR DO ESTADO."}, {"id": "229", "ano": "2014", "numero": "612", "tipo__sigla": "PDL", "tipo__descricao": "Projeto de Decreto Legislativo", "autoria": "", "texto_original": "http://sapl.palmeira.pr.leg.br/media/./sapl/public/materialegislativa/2014/229/229_texto_integral.pdf", "ementa": "REFERENDA O TERMO ADITIVO N\u00ba 01 AO TERMO DE PARCERIA N\u00ba 01/2013, QUE ENTRE SI CELEBRAM A FUNDA\u00c7\u00c3O DE DESENVOLVIMENTO EDUCACIONAL E CULTURAL DO SISTEMA DE CR\u00c9DITO COOPERATIVO - FUNDA\u00c7\u00c3O SICREDI, E O MUNIC\u00cdPIO DE PALMEIRA."}, {"id": "230", "ano": "2014", "numero": "613", "tipo__sigla": "PDL", "tipo__descricao": "Projeto de Decreto Legislativo", "autoria": "", "texto_original": "http://sapl.palmeira.pr.leg.br/media/./sapl/public/materialegislativa/2014/230/230_texto_integral.pdf", "ementa": "REFERENDA O TERMO ADITIVO N\u00ba 01 AO TERMO DE CONV\u00caNIO N\u00ba 02/2014, QUE ENTRE SI CELEBRAM O PROGRAMA DO VOLUNTARIADO PARANAENSE - PROVOPAR, E O MUNIC\u00cdPIO DE PALMEIRA"}, {"id": "231", "ano": "2014", "numero": "614", "tipo__sigla": "PDL", "tipo__descricao": "Projeto de Decreto Legislativo", "autoria": "", "texto_original": "http://sapl.palmeira.pr.leg.br/media/./sapl/public/materialegislativa/2014/231/231_texto_integral.pdf", "ementa": "REFERENDA O TERMO ADITIVO N\u00ba 01 AO TERMO DE CONV\u00caNIO N\u00ba 03/2014, QUE ENTRE SI CELEBRAM A ASSOCIA\u00c7\u00c3O MENONITA DE ASSIST\u00caNCIA SOCIAL - AMAS, E O MUNIC\u00cdPIO DE PALMEIRA."}, {"id": "232", "ano": "2014", "numero": "615", "tipo__sigla": "PDL", "tipo__descricao": "Projeto de Decreto Legislativo", "autoria": "", "texto_original": "http://sapl.palmeira.pr.leg.br/media/./sapl/public/materialegislativa/2014/232/232_texto_integral.pdf", "ementa": "REFERENDA O TERMO ADITIVO N\u00ba 01 AO TERMO DE CONV\u00caNIO N\u00ba 04/2014, QUE ENTRE SI CELEBRAM A ASSOCIA\u00c7\u00c3O PROJETO RENASCER, E O MUNIC\u00cdPIO DE PALMEIRA."}, {"id": "233", "ano": "2014", "numero": "616", "tipo__sigla": "PDL", "tipo__descricao": "Projeto de Decreto Legislativo", "autoria": "", "texto_original": "http://sapl.palmeira.pr.leg.br/media/./sapl/public/materialegislativa/2014/233/233_texto_integral.pdf", "ementa": "REFERENDA O TERMO ADITIVO N\u00ba 01 AO TERMO DE CONV\u00caNIO N\u00ba 05/2014, QUE ENTRE SI CELEBRAM A ASSOCIA\u00c7\u00c3O DE PAIS E AMIGOS DOS EXCEPCIONAIS DE PALMEIRA - APAE, E O MUNIC\u00cdPIO DE PALMEIRA."}, {"id": "234", "ano": "2014", "numero": "617", "tipo__sigla": "PDL", "tipo__descricao": "Projeto de Decreto Legislativo", "autoria": "", "texto_original": "http://sapl.palmeira.pr.leg.br/media/./sapl/public/materialegislativa/2014/234/234_texto_integral.pdf", "ementa": "REFERENDA O TERMO ADITIVO N\u00ba 01 AO TERMO DE CONV\u00caNIO N\u00ba 06/2014, QUE ENTRE SI CELEBRAM A ASSOCIA\u00c7\u00c3O DE PAIS E AMIGOS DA EDUCA\u00c7\u00c3O ESPECIAL E REABILITA\u00c7\u00c3O DR. JORGE AMIN BACILA - APAER, E O MUNIC\u00cdPIO DE PALMEIRA."}, {"id": "235", "ano": "2014", "numero": "618", "tipo__sigla": "PDL", "tipo__descricao": "Projeto de Decreto Legislativo", "autoria": "", "texto_original": "http://sapl.palmeira.pr.leg.br/media/./sapl/public/materialegislativa/2014/235/235_texto_integral.pdf", "ementa": "REFERENDA O TERMO ADITIVO N\u00ba 01 AO TERMO DE CONV\u00caNIO N\u00ba 07/2014, QUE ENTRE SI CELEBRAM A VILA VICENTINA FREDERICO OZANAM E O MUNIC\u00cdPIO DE PALMEIRA."}, {"id": "236", "ano": "2014", "numero": "619", "tipo__sigla": "PDL", "tipo__descricao": "Projeto de Decreto Legislativo", "autoria": "", "texto_original": "http://sapl.palmeira.pr.leg.br/media/./sapl/public/materialegislativa/2014/236/236_texto_integral.pdf", "ementa": "REFERENDA O TERMO ADITIVO N\u00ba 01 AO TERMO DE CONV\u00caNIO N\u00ba 08/2014, QUE ENTRE SI CELEBRAM O LAR ACELINO, E O MUNIC\u00cdPIO DE PALMEIRA."}, {"id": "237", "ano": "2014", "numero": "620", "tipo__sigla": "PDL", "tipo__descricao": "Projeto de Decreto Legislativo", "autoria": "", "texto_original": "http://sapl.palmeira.pr.leg.br/media/./sapl/public/materialegislativa/2014/237/237_texto_integral.pdf", "ementa": "REFERENDA O TERMO ADITIVO N\u00ba 01 AO TERMO DE CONV\u00caNIO N\u00ba 09/2014, QUE ENTRE SI CELEBRAM A ASSOCIA\u00c7\u00c3O RENASCER E O MUNIC\u00cdPIO DE PALMEIRA."}, {"id": "238", "ano": "2014", "numero": "621", "tipo__sigla": "PDL", "tipo__descricao": "Projeto de Decreto Legislativo", "autoria": "", "texto_original": "http://sapl.palmeira.pr.leg.br/media/./sapl/public/materialegislativa/2014/238/238_texto_integral.pdf", "ementa": "REFERENDA O TERMO ADITIVO N\u00ba 01 AO TERMO DE CONV\u00caNIO N\u00ba 10/2014, QUE ENTRE SI CELEBRAM A ASSOCIA\u00c7\u00c3O FAM\u00cdLIA DE MARIA, E O MUN\u00cdC\u00cdPIO DE PALMEIRA."}, {"id": "239", "ano": "2014", "numero": "622", "tipo__sigla": "PDL", "tipo__descricao": "Projeto de Decreto Legislativo", "autoria": "", "texto_original": "http://sapl.palmeira.pr.leg.br/media/./sapl/public/materialegislativa/2014/239/239_texto_integral.pdf", "ementa": "REFERENDA O TERMO ADITIVO N\u00ba 01 AO TERMO DE CONV\u00caNIO N\u00ba 11/2014, QUE ENTRE SI CELEBRAM A ASSOCIA\u00c7\u00c3O MENONITA BENEFICENTE - AMB, E O MUNIC\u00cdPIO DE PALMEIRA."}, {"id": "240", "ano": "2014", "numero": "623", "tipo__sigla": "PDL", "tipo__descricao": "Projeto de Decreto Legislativo", "autoria": "", "texto_original": "http://sapl.palmeira.pr.leg.br/media/./sapl/public/materialegislativa/2014/240/240_texto_integral.pdf", "ementa": "REFERENDA O TERMO ADITIVO N\u00ba 01 AO TERMO DE CONV\u00caNIO N\u00ba 12/2014, QUE ENTRE SI CELEBRAM A ASSOCIA\u00c7\u00c3O BENEFICENTE - AMB, E O MUNIC\u00cdPIO DE PALMEIRA."}, {"id": "241", "ano": "2014", "numero": "624", "tipo__sigla": "PDL", "tipo__descricao": "Projeto de Decreto Legislativo", "autoria": "", "texto_original": "http://sapl.palmeira.pr.leg.br/media/./sapl/public/materialegislativa/2014/241/241_texto_integral.pdf", "ementa": "REFERENDA O TERMO DE CONV\u00caNIO SOB N\u00ba 16/2014 - QUE ENTRE SI CELEBRAM O MUNIC\u00cdPIO DE PALMEIRA, POR INTERM\u00c9DIO DA SECRETARIA MUNICIPAL DE SA\u00daDE E O HOSPITAL DE CARIDADE DE PALMEIRA."}, {"id": "242", "ano": "2014", "numero": "625", "tipo__sigla": "PDL", "tipo__descricao": "Projeto de Decreto Legislativo", "autoria": "", "texto_original": "http://sapl.palmeira.pr.leg.br/media/./sapl/public/materialegislativa/2014/242/242_texto_integral.pdf", "ementa": "REFERENDA O CONTRATO DE REPASSE N\u00ba 804984/14 MINIST\u00c9RIO DO ESPORTE/CAIXA, PROCESSO N\u00ba 36831014909-02/2014, QUE ENTRE SI CELEBRAM A UNI\u00c3O, POR INTERM\u00c9DIO DO MINIST\u00c9RIO DO ESPORTE, REPRESENTADO PELA CAIXA ECON\u00d4MICA FEDERAL E O MUNIC\u00cdPIO DE PALMEIRA, OBJETIVANDO A EXECU\u00c7\u00c3O DE A\u00c7\u00d5ES RELATIVAS AO PROGRAMA ESPORTE E GRANDES EVENTOS ESPORTIVOS."}, {"id": "243", "ano": "2014", "numero": "626", "tipo__sigla": "PDL", "tipo__descricao": "Projeto de Decreto Legislativo", "autoria": "", "texto_original": "http://sapl.palmeira.pr.leg.br/media/./sapl/public/materialegislativa/2014/243/243_texto_integral.pdf", "ementa": "REFERENDA O CONTRATO DE REPASSE N\u00ba 806281/14 MINIST\u00c9RIO DA AGRICULTURA/CAIXA, PROCESSO N\u00ba 36831019694-79/2017, QUE ENTRE SI CELEBRAM A UN\u00c3O, POR INTERM\u00c9DIO DO MINIST\u00c9RIO DA AGRICULTURA, PECU\u00c1RIA E ABASTECIMENTO, REPRESENTADO PELA CAIXA ECON\u00d4MICA FEDERAL, E O MUNIC\u00cdPIO DE PALMEIRA, OBJETIVANDO A EXECU\u00c7\u00c3O DE A\u00c7\u00d5ES RELATIVAS AO PROGRAMA APOIO AO DESENVOLVIMENTO DO SETOR AGROPECU\u00c1RIO."}, {"id": "244", "ano": "2014", "numero": "627", "tipo__sigla": "PDL", "tipo__descricao": "Projeto de Decreto Legislativo", "autoria": "", "texto_original": "http://sapl.palmeira.pr.leg.br/media/./sapl/public/materialegislativa/2014/244/244_texto_integral.pdf", "ementa": "REFERENDA O CONTRATO DE REPASSE N\u00ba 809517/14 MINIST\u00c9RIO DAS CIDADES/CAIXA, PROCESSO N\u00ba 36831016887-49/2014, QUE ENTRE SI CELEBRAM A UNI\u00c3O, POR INTERM\u00c9DIO DO MINIST\u00c9RIO DAS CIDADES, REPRESENTADO PELA CAIXA ECON\u00d4NOMICA FEDERAL, E O MUNIC\u00cdPIO DE PALMEIRA, OBJETIVANDO A EXECU\u00c7\u00c3O DE A\u00c7\u00d5ES RELATIVAS AO PROGRAMA PLANAJAMENTO URBANO."}, {"id": "245", "ano": "2014", "numero": "628", "tipo__sigla": "PDL", "tipo__descricao": "Projeto de Decreto Legislativo", "autoria": "", "texto_original": "http://sapl.palmeira.pr.leg.br/media/./sapl/public/materialegislativa/2014/245/245_texto_integral.pdf", "ementa": "REFERENDA O CONTRATO DE REPASSE N\u00ba 809520/14 MINIST\u00c9RIO DAS CIDADES/CAIXA, PROCESSO  N\u00ba 36831016885-09/2014, QUE ENTRE SI CELEBRAM A UNI\u00c3O, POR INTERM\u00c9DIO DO MINIST\u00c9RIO DAS CIDADES, REPRESENTADO PELA CAIXA ECON\u00d4MICA FEDERAL, E O MUNI\u00cdPIO DE PALMEIRA, OBJETIVANDO A EXECU\u00c7\u00c3O DE A\u00c7\u00d5ES RELATIVAS AO PROGRAMA PLANEJAMENTO URBANO - PAVIMENTA\u00c7\u00c3O."}, {"id": "246", "ano": "2014", "numero": "629", "tipo__sigla": "PDL", "tipo__descricao": "Projeto de Decreto Legislativo", "autoria": "", "texto_original": "http://sapl.palmeira.pr.leg.br/media/./sapl/public/materialegislativa/2014/246/246_texto_integral.pdf", "ementa": "REFERENDA O CONTRATO DE REPASSE N\u00ba 809523/14 MINIST\u00c9RIO DAS CIDADES/CAIXA, PROCESSO N\u00ba 36831016884-73/2014, QUE ENTRE SI CELEBRAM A UNI\u00c3O, POR INTERM\u00c9DIO DO MINIST\u00c9RIO DAS CIDADES, REPRESENTADO PELA CAIXA ECON\u00d4MICA FEDERAL, E O MUNIC\u00cdPIO DE PALMEIRA, OBJETIVANDO A EXECU\u00c7\u00c3O DE A\u00c7\u00d5ES RELATIVAS AO PROGRAMA PLANEJAMENTO URBANO."}, {"id": "247", "ano": "2014", "numero": "630", "tipo__sigla": "PDL", "tipo__descricao": "Projeto de Decreto Legislativo", "autoria": "", "texto_original": "http://sapl.palmeira.pr.leg.br/media/./sapl/public/materialegislativa/2014/247/247_texto_integral.pdf", "ementa": "REFERENDA O CONV\u00caNIO SOB N\u00ba 071/2014, QUE ENTRE SI CELEBRAM O ESTADO DO PARAN\u00c1, POR INTERM\u00c9DIO DA SECRETARIA DE ESTADO DA FAM\u00cdLIA E DESENVOLVIMENTO SOCIAL - SEDS, COM RECURSOS DO FUNDO ESTADUAL PARA A INF\u00c2NCIA E A ADOLESC\u00caNCIA - FIA/PR, E O MUNIC\u00cdPIO DE PALMEIRA, OBJETIVANDO A EXECU\u00c7\u00c3O DE A\u00c7\u00d5ES DE ATEN\u00c7\u00c3O \u00c0S FAM\u00cdLIAS DOS ADOLESCENTES INTERNADOS POR MEDIDA SOCIOEDUCATIVA - AFAI, APROVADO PELA DELIBERA\u00c7\u00c3O N\u00ba 125/2013 - CEDCA/PR."}, {"id": "248", "ano": "2014", "numero": "631", "tipo__sigla": "PDL", "tipo__descricao": "Projeto de Decreto Legislativo", "autoria": "", "texto_original": "http://sapl.palmeira.pr.leg.br/media/./sapl/public/materialegislativa/2014/248/248_texto_integral.pdf", "ementa": "REFERENDA O ADITIVO AO TERMO DE PARCERIA SOB N\u00ba 01/2013, QUE ENTRE SI CELEBRAM O MUNIC\u00cdPIO DE PALMEIRA E A FUNDA\u00c7\u00c3O SICREDI."}, {"id": "249", "ano": "2014", "numero": "632", "tipo__sigla": "PDL", "tipo__descricao": "Projeto de Decreto Legislativo", "autoria": "", "texto_original": "http://sapl.palmeira.pr.leg.br/media/./sapl/public/materialegislativa/2014/249/249_texto_integral.pdf", "ementa": "REFERENDA O TERMO DE CONV\u00caNIO QUE ENTRE SI CELEBRAM O MUNIC\u00cdPIO DE PALMEIRA E A ASSOCIA\u00c7\u00c3O DE PAIS E AMIGOS DOS EXCEPCIONAIS DE PALMEIRA - APAE."}, {"id": "250", "ano": "2014", "numero": "20", "tipo__sigla": "PELOM", "tipo__descricao": "Projeto de Emenda \u00e0 Lei Org\u00e2nica Municipal", "autoria": "", "texto_original": "http://sapl.palmeira.pr.leg.br/media/./sapl/public/materialegislativa/2014/250/250_texto_integral.pdf", "ementa": "ALTERA A REDA\u00c7\u00c3O DO CAPUT DO ART. 212-A, DA LEI ORG\u00c2NICA DO M\u00daNIC\u00cdPIO DE PALMEIRA E D\u00c1 OUTRAS PROVID\u00caNCIAS."}, {"id": "722", "ano": "2014", "numero": "3902", "tipo__sigla": "PL", "tipo__descricao": "Projeto de Lei", "autoria": "", "texto_original": "http://sapl.palmeira.pr.leg.br/media/./sapl/public/materialegislativa/2014/722/722_texto_integral.pdf", "ementa": "DISP\u00d5E SOBRE NORMAS GERAIS URBANISTICAS PARA A INSTALA\u00c7\u00c3O DE ESTRUTURAS DE SUPORTE DAS ESTA\u00c7\u00d5ES R\u00c1DIO BASE E EQUIPAMENTOS AFINS AUTORIZADOS E HOMOLOGADOS PELA AG\u00caNCIA NACIONAL DE TELECOMUNICA\u00c7\u00d5ES, NOS TERMOS DA LEGISLA\u00c7\u00c3O FEDERAL VIGENTE"}, {"id": "723", "ano": "2014", "numero": "3903", "tipo__sigla": "PL", "tipo__descricao": "Projeto de Lei", "autoria": "", "texto_original": "http://sapl.palmeira.pr.leg.br/media/./sapl/public/materialegislativa/2014/723/723_texto_integral.pdf", "ementa": "DISP\u00d5E SOBRE AUMENTO DOS VENCIMENTOS DOS SERVIDORES DA C\u00c2MARA MUNICIPAL DE PALMEIRA"}, {"id": "724", "ano": "2014", "numero": "3904", "tipo__sigla": "PL", "tipo__descricao": "Projeto de Lei", "autoria": "", "texto_original": "http://sapl.palmeira.pr.leg.br/media/./sapl/public/materialegislativa/2014/724/724_texto_integral.pdf", "ementa": "AUTORIZA A ABERTURA DE CR\u00c9DITO ADICIONAL SUPLEMENTAR E D\u00c1 OUTRAS PROVID\u00caNCIAS"}, {"id": "725", "ano": "2014", "numero": "3905", "tipo__sigla": "PL", "tipo__descricao": "Projeto de Lei", "autoria": "", "texto_original": "http://sapl.palmeira.pr.leg.br/media/./sapl/public/materialegislativa/2014/725/725_texto_integral.pdf", "ementa": "INSTITUI O PROGRAMA MUNICIPAL DE DESENVOLVIMENTO RURAL E DISP\u00d5E SOBRE A CONCESS\u00c3O DE INCENTIVOS PARA A IMPLANTA\u00c7\u00c3O, EXPANS\u00c3O E/OU AMPLIA\u00c7\u00c3O DE PROPRIEDADES RURAIS E AGROINDUSTRIAIS NA ZONA RURAL DO MUNIC\u00cdPIO DE PALMEIRA, ESTADO DO PARAN\u00c1, E D\u00c1 OUTRAS PROVID\u00caNCIAS"}, {"id": "726", "ano": "2014", "numero": "3906", "tipo__sigla": "PL", "tipo__descricao": "Projeto de Lei", "autoria": "", "texto_original": "http://sapl.palmeira.pr.leg.br/media/./sapl/public/materialegislativa/2014/726/726_texto_integral.pdf", "ementa": "ALTERA E ACRESCENTA DISPOSITIVOS \u00c0 LEI N\u00ba 2702 DE 04 DE ABRIL DE 2008, E D\u00c1 OUTRAS PROVID\u00caNCIAS"}, {"id": "727", "ano": "2014", "numero": "3907", "tipo__sigla": "PL", "tipo__descricao": "Projeto de Lei", "autoria": "", "texto_original": "http://sapl.palmeira.pr.leg.br/media/./sapl/public/materialegislativa/2014/727/727_texto_integral.pdf", "ementa": "AUTORIZA O PODER EXECUTIVO, REPRESENTANDO O MUNIC\u00cdPIO DE PALMEIRA, A FIRMAR CONTRATO DE COMODATO E D\u00c1 OUTRAS PROVID\u00caNCIAS"}, {"id": "728", "ano": "2014", "numero": "3908", "tipo__sigla": "PL", "tipo__descricao": "Projeto de Lei", "autoria": "", "texto_original": "http://sapl.palmeira.pr.leg.br/media/./sapl/public/materialegislativa/2014/728/728_texto_integral.pdf", "ementa": "AUTORIZA O PODER EXECUTIVO A PROCEDER \u00c0 EXECU\u00c7\u00c3O DE OBRAS DESTINADAS A DOTAR \u00c1REA INDUSTRIAL NO MUNIC\u00cdPIO DE PALMEIRA DE INFRAESTRUTURA, PELA CONTRATA\u00c7\u00c3O DE SERVI\u00c7OS DE EXTENS\u00c3O E REFOR\u00c7O DE REDE DE ENERGIA EL\u00c9TRICA DE ALTA TENS\u00c3O E D\u00c1 OUTRAS PROVID\u00caNCIAS"}, {"id": "729", "ano": "2014", "numero": "3909", "tipo__sigla": "PL", "tipo__descricao": "Projeto de Lei", "autoria": "", "texto_original": "http://sapl.palmeira.pr.leg.br/media/./sapl/public/materialegislativa/2014/729/729_texto_integral.pdf", "ementa": "AUTORIZA A ABERTURA DE CR\u00c9DITO ADICIONAL ESPECIAL E D\u00c1 OUTRAS PROVID\u00caNCIAS"}, {"id": "730", "ano": "2014", "numero": "3910", "tipo__sigla": "PL", "tipo__descricao": "Projeto de Lei", "autoria": "", "texto_original": "http://sapl.palmeira.pr.leg.br/media/./sapl/public/materialegislativa/2014/730/730_texto_integral.pdf", "ementa": "AUTORIZA A ABERTURA DE CR\u00c9DITO ADICIONAL ESPECIAL E D\u00c1 OUTRAS PROVID\u00caNCIAS"}, {"id": "731", "ano": "2014", "numero": "3911", "tipo__sigla": "PL", "tipo__descricao": "Projeto de Lei", "autoria": "", "texto_original": "http://sapl.palmeira.pr.leg.br/media/./sapl/public/materialegislativa/2014/731/731_texto_integral.pdf", "ementa": "AUTORIZA A ABERTURA DE CR\u00c9DITO ADICIONAL ESPECIAL E D\u00c1 OUTRAS PROVID\u00caNCIAS"}, {"id": "732", "ano": "2014", "numero": "3912", "tipo__sigla": "PL", "tipo__descricao": "Projeto de Lei", "autoria": "", "texto_original": "http://sapl.palmeira.pr.leg.br/media/./sapl/public/materialegislativa/2014/732/732_texto_integral.pdf", "ementa": "AUTORIZA A ABERTURA DE CR\u00c9DITO ADICIONAL SUPLEMENTAR E D\u00c1 OUTRAS PROVID\u00caNCIAS"}, {"id": "733", "ano": "2014", "numero": "3913", "tipo__sigla": "PL", "tipo__descricao": "Projeto de Lei", "autoria": "", "texto_original": "http://sapl.palmeira.pr.leg.br/media/./sapl/public/materialegislativa/2014/733/733_texto_integral.pdf", "ementa": "AUTORIZA A ABERTURA DE CR\u00c9DITO ADICIONAL SUPLEMENTAR E D\u00c1 OUTRAS PROVID\u00caNCIAS"}, {"id": "734", "ano": "2014", "numero": "3914", "tipo__sigla": "PL", "tipo__descricao": "Projeto de Lei", "autoria": "", "texto_original": "http://sapl.palmeira.pr.leg.br/media/./sapl/public/materialegislativa/2014/734/734_texto_integral.pdf", "ementa": "AUTORIZA A ABERTURA DE CR\u00c9DITO ADICIONAL SUPLEMENTAR E D\u00c1 OUTRAS PROVID\u00caNCIAS"}, {"id": "735", "ano": "2014", "numero": "3915", "tipo__sigla": "PL", "tipo__descricao": "Projeto de Lei", "autoria": "", "texto_original": "http://sapl.palmeira.pr.leg.br/media/./sapl/public/materialegislativa/2014/735/735_texto_integral.pdf", "ementa": "AUTORIZA A ABERTURA DE CR\u00c9DITO ADICIONAL SUPLEMENTAR E D\u00c1 OUTRAS PROVID\u00caNCIAS"}, {"id": "736", "ano": "2014", "numero": "3916", "tipo__sigla": "PL", "tipo__descricao": "Projeto de Lei", "autoria": "", "texto_original": "http://sapl.palmeira.pr.leg.br/media/./sapl/public/materialegislativa/2014/736/736_texto_integral.pdf", "ementa": "ABRE VAGAS NO SERVI\u00c7O P\u00daBLICO MUNICIPAL PARA EMPREGO P\u00daBLICO NO CARGO DE AGENTE COMUNIT\u00c1RIO DE SA\u00daDE DE COMBATE A DENGUE E D\u00c1 OUTRAS PROVID\u00caNCIAS"}, {"id": "737", "ano": "2014", "numero": "3917", "tipo__sigla": "PL", "tipo__descricao": "Projeto de Lei", "autoria": "", "texto_original": "http://sapl.palmeira.pr.leg.br/media/./sapl/public/materialegislativa/2014/737/737_texto_integral.pdf", "ementa": "DISCIPLINA O ESTACIONAMENTO E O TR\u00c2NSITO EM TRECHO DAS RUAS CONSELHEIRO JESU\u00cdNO MARCONDES E CORONEL MACEDO E D\u00c1 OUTRAS PROVID\u00caNCIAS"}, {"id": "738", "ano": "2014", "numero": "3918", "tipo__sigla": "PL", "tipo__descricao": "Projeto de Lei", "autoria": "", "texto_original": "http://sapl.palmeira.pr.leg.br/media/./sapl/public/materialegislativa/2014/738/738_texto_integral.pdf", "ementa": "AUTORIZA A ABERTURA DE CR\u00c9DITO ADICIONAL ESPECIAL E D\u00c1 OUTRAS PROVID\u00caNCIAS"}, {"id": "739", "ano": "2014", "numero": "3919", "tipo__sigla": "PL", "tipo__descricao": "Projeto de Lei", "autoria": "", "texto_original": "http://sapl.palmeira.pr.leg.br/media/./sapl/public/materialegislativa/2014/739/739_texto_integral.pdf", "ementa": "AUTORIZA A ABERTURA DE CR\u00c9DITO ADICIONAL ESPECIAL E D\u00c1 OUTRAS PROVID\u00caNCIAS"}, {"id": "740", "ano": "2014", "numero": "3920", "tipo__sigla": "PL", "tipo__descricao": "Projeto de Lei", "autoria": "", "texto_original": "http://sapl.palmeira.pr.leg.br/media/./sapl/public/materialegislativa/2014/740/740_texto_integral.pdf", "ementa": "AUTORIZA A ABERTURA DE CR\u00c9DITO ADICIONAL ESPECIAL E D\u00c1 OUTRAS PROVID\u00caNCIAS"}, {"id": "741", "ano": "2014", "numero": "3921", "tipo__sigla": "PL", "tipo__descricao": "Projeto de Lei", "autoria": "", "texto_original": "http://sapl.palmeira.pr.leg.br/media/./sapl/public/materialegislativa/2014/741/741_texto_integral.pdf", "ementa": "AUTORIZA O PODER EXECUTIVO A REALIZAR A DOA\u00c7\u00c3O E COLOCA\u00c7\u00c3O DE PISO E D\u00c1 OUTRAS PROVID\u00caNCIAS"}, {"id": "742", "ano": "2014", "numero": "3922", "tipo__sigla": "PL", "tipo__descricao": "Projeto de Lei", "autoria": "", "texto_original": "http://sapl.palmeira.pr.leg.br/media/./sapl/public/materialegislativa/2014/742/742_texto_integral.pdf", "ementa": "ALTERA DISPOSITOS DA LEI MUNICIPAL N\u00ba 3618 DE 06 DE JANEIRO DE 2014, QUE DISP\u00d5E SOBRE A CONTRATA\u00c7\u00c3O DE EXCEPCIONAL INTERESSE P\u00daBLICO E D\u00c1 OUTRAS PROVID\u00caNCIAS"}, {"id": "743", "ano": "2014", "numero": "3923", "tipo__sigla": "PL", "tipo__descricao": "Projeto de Lei", "autoria": "", "texto_original": "http://sapl.palmeira.pr.leg.br/media/./sapl/public/materialegislativa/2014/743/743_texto_integral.pdf", "ementa": "AUTORIZA A ABERTURA DE CR\u00c9DITO ADICIONAL SUPLEMENTAR E D\u00c1 OUTRAS PROVID\u00caNCIAS"}, {"id": "744", "ano": "2014", "numero": "3924", "tipo__sigla": "PL", "tipo__descricao": "Projeto de Lei", "autoria": "", "texto_original": "http://sapl.palmeira.pr.leg.br/media/./sapl/public/materialegislativa/2014/744/744_texto_integral.pdf", "ementa": "AUTORIZA A ABERTURA DE CR\u00c9DITO ADICIONAL ESPECIAL E D\u00c1 OUTRAS PROVID\u00caNCIAS"}, {"id": "745", "ano": "2014", "numero": "3925", "tipo__sigla": "PL", "tipo__descricao": "Projeto de Lei", "autoria": "", "texto_original": "http://sapl.palmeira.pr.leg.br/media/./sapl/public/materialegislativa/2014/745/745_texto_integral.pdf", "ementa": "AUTORIZA A ABERTURA DE CR\u00c9DITO ADICIONAL ESPECIAL E D\u00c1 OUTRAS PROVID\u00caNCIAS"}, {"id": "746", "ano": "2014", "numero": "3926", "tipo__sigla": "PL", "tipo__descricao": "Projeto de Lei", "autoria": "", "texto_original": "http://sapl.palmeira.pr.leg.br/media/./sapl/public/materialegislativa/2014/746/746_texto_integral.pdf", "ementa": "AUTORIZA A ABERTURA DE CR\u00c9DITO ADICIONAL ESPECIAL E D\u00c1 OUTRAS PROVID\u00caNCIAS"}, {"id": "747", "ano": "2014", "numero": "3927", "tipo__sigla": "PL", "tipo__descricao": "Projeto de Lei", "autoria": "", "texto_original": "http://sapl.palmeira.pr.leg.br/media/./sapl/public/materialegislativa/2014/747/747_texto_integral.pdf", "ementa": "AUTORIZA A ABERTURA DE CR\u00c9DITO ADICIONAL ESPECIAL E D\u00c1 OUTRAS PROVID\u00caNCIAS"}, {"id": "748", "ano": "2014", "numero": "3928", "tipo__sigla": "PL", "tipo__descricao": "Projeto de Lei", "autoria": "", "texto_original": "http://sapl.palmeira.pr.leg.br/media/./sapl/public/materialegislativa/2014/748/748_texto_integral.pdf", "ementa": "AUTORIZA A ABERTURA DE CR\u00c9DITO ADICIONAL ESPECIAL E D\u00c1 OUTRAS PROVID\u00caNCIAS"}, {"id": "749", "ano": "2014", "numero": "3929", "tipo__sigla": "PL", "tipo__descricao": "Projeto de Lei", "autoria": "", "texto_original": "http://sapl.palmeira.pr.leg.br/media/./sapl/public/materialegislativa/2014/749/749_texto_integral.pdf", "ementa": "AUTORIZA A ABERTURA DE CR\u00c9DITO ADICIONAL SUPLEMENTAR E D\u00c1 OUTRAS PROVID\u00caNCIAS"}, {"id": "750", "ano": "2014", "numero": "3930", "tipo__sigla": "PL", "tipo__descricao": "Projeto de Lei", "autoria": "", "texto_original": "http://sapl.palmeira.pr.leg.br/media/./sapl/public/materialegislativa/2014/750/750_texto_integral.pdf", "ementa": "AUTORIZA A ABERTURA DE CR\u00c9DITO ADICIONAL SUPLEMENTAR E D\u00c1 OUTRAS PROVID\u00caNCIAS"}, {"id": "751", "ano": "2014", "numero": "3931", "tipo__sigla": "PL", "tipo__descricao": "Projeto de Lei", "autoria": "", "texto_original": "http://sapl.palmeira.pr.leg.br/media/./sapl/public/materialegislativa/2014/751/751_texto_integral.pdf", "ementa": "AUTORIZA A ABERTURA DE CR\u00c9DITO ADICIONAL SUPLEMENTAR E D\u00c1 OUTRAS PROVID\u00caNCIAS"}, {"id": "752", "ano": "2014", "numero": "3932", "tipo__sigla": "PL", "tipo__descricao": "Projeto de Lei", "autoria": "", "texto_original": "http://sapl.palmeira.pr.leg.br/media/./sapl/public/materialegislativa/2014/752/752_texto_integral.pdf", "ementa": "AUTORIZA A ABERTURA DE CR\u00c9DITO ADICIONAL SUPLEMENTAR E D\u00c1 OUTRAS PROVID\u00caNCIAS"}, {"id": "753", "ano": "2014", "numero": "3933", "tipo__sigla": "PL", "tipo__descricao": "Projeto de Lei", "autoria": "", "texto_original": "http://sapl.palmeira.pr.leg.br/media/./sapl/public/materialegislativa/2014/753/753_texto_integral.pdf", "ementa": "AUTORIZA A ABERTURA DE CR\u00c9DITO ADICIONAL ESPECIAL E D\u00c1 OUTRAS PROVID\u00caNCIAS"}, {"id": "754", "ano": "2014", "numero": "3934", "tipo__sigla": "PL", "tipo__descricao": "Projeto de Lei", "autoria": "", "texto_original": "http://sapl.palmeira.pr.leg.br/media/./sapl/public/materialegislativa/2014/754/754_texto_integral.pdf", "ementa": "AUTORIZA A ABERTURA DE CR\u00c9DITO ADICIONAL ESPECIAL E D\u00c1 OUTRAS PROVID\u00caNCIAS"}, {"id": "755", "ano": "2014", "numero": "3935", "tipo__sigla": "PL", "tipo__descricao": "Projeto de Lei", "autoria": "", "texto_original": "http://sapl.palmeira.pr.leg.br/media/./sapl/public/materialegislativa/2014/755/755_texto_integral.pdf", "ementa": "AUTORIZA A ABERTURA DE CR\u00c9DITO ADICIONAL ESPECIAL E D\u00c1 OUTRAS PROVID\u00caNCIAS"}, {"id": "756", "ano": "2014", "numero": "3936", "tipo__sigla": "PL", "tipo__descricao": "Projeto de Lei", "autoria": "", "texto_original": "http://sapl.palmeira.pr.leg.br/media/./sapl/public/materialegislativa/2014/756/756_texto_integral.pdf", "ementa": "DECLARA DE UTILIDADE P\u00daBLICA A ASSOCIA\u00c7\u00c3O DOS AMIGOS DA SANTA CASA DE PALMEIRA, E D\u00c1 OUTRAS PROVID\u00caNCIAS"}, {"id": "757", "ano": "2014", "numero": "3937", "tipo__sigla": "PL", "tipo__descricao": "Projeto de Lei", "autoria": "", "texto_original": "http://sapl.palmeira.pr.leg.br/media/./sapl/public/materialegislativa/2014/757/757_texto_integral.pdf", "ementa": "INSTITUI O PLANO MUNICIPAL DE SANEAMENTO B\u00c1SICO - PMSB, DE PALMEIRA E D\u00c1 OUTRAS PROVID\u00caNCIAS"}, {"id": "758", "ano": "2014", "numero": "3938", "tipo__sigla": "PL", "tipo__descricao": "Projeto de Lei", "autoria": "", "texto_original": "http://sapl.palmeira.pr.leg.br/media/./sapl/public/materialegislativa/2014/758/758_texto_integral.pdf", "ementa": "CRIA O CONSELHO MUNICIPAL DE ASSIST\u00caNCIA SOCIAL - CMAS, E INSTITUI O FUNDO DE ASSIST\u00caNCIA SOCIAL - FMAS, E D\u00c1 OUTRAS PROVID\u00caNCIAS"}, {"id": "759", "ano": "2014", "numero": "3939", "tipo__sigla": "PL", "tipo__descricao": "Projeto de Lei", "autoria": "", "texto_original": "http://sapl.palmeira.pr.leg.br/media/./sapl/public/materialegislativa/2014/759/759_texto_integral.pdf", "ementa": "AUTORIZA A ABERTURA DE CR\u00c9DITO ADICIONAL ESPECIAL E D\u00c1 OUTRAS PROVID\u00caNCIAS"}, {"id": "760", "ano": "2014", "numero": "3940", "tipo__sigla": "PL", "tipo__descricao": "Projeto de Lei", "autoria": "", "texto_original": "http://sapl.palmeira.pr.leg.br/media/./sapl/public/materialegislativa/2014/760/760_texto_integral.pdf", "ementa": "AUTORIZA A ABERTURA DE CR\u00c9DITO ADICIONAL SUPLEMENTAR E D\u00c1 OUTRAS PROVID\u00caNCIAS"}, {"id": "761", "ano": "2014", "numero": "3941", "tipo__sigla": "PL", "tipo__descricao": "Projeto de Lei", "autoria": "", "texto_original": "http://sapl.palmeira.pr.leg.br/media/./sapl/public/materialegislativa/2014/761/761_texto_integral.pdf", "ementa": "AUTORIZA A ABERTURA DE CR\u00c9DITO ADICIONAL SUPLEMENTAR E D\u00c1 OUTRAS PROVID\u00caNCIAS"}, {"id": "762", "ano": "2014", "numero": "3942", "tipo__sigla": "PL", "tipo__descricao": "Projeto de Lei", "autoria": "", "texto_original": "http://sapl.palmeira.pr.leg.br/media/./sapl/public/materialegislativa/2014/762/762_texto_integral.pdf", "ementa": "AUTORIZA A ABERTURA DE CR\u00c9DITO ADICIONAL SUPLEMENTAR E D\u00c1 OUTRAS PROVID\u00caNCIAS"}, {"id": "763", "ano": "2014", "numero": "3943", "tipo__sigla": "PL", "tipo__descricao": "Projeto de Lei", "autoria": "", "texto_original": "http://sapl.palmeira.pr.leg.br/media/./sapl/public/materialegislativa/2014/763/763_texto_integral.pdf", "ementa": "FIXA E ALTERA REMUNERA\u00c7\u00c3O DE CARGOS DO QUADRO PERMANENTE DA C\u00c2MARA MUNICIPAL DE PALMEIRA"}, {"id": "764", "ano": "2014", "numero": "3944", "tipo__sigla": "PL", "tipo__descricao": "Projeto de Lei", "autoria": "", "texto_original": "http://sapl.palmeira.pr.leg.br/media/./sapl/public/materialegislativa/2014/764/764_texto_integral.pdf", "ementa": "DISP\u00d5E SOBRE AS DIRETRIZES OR\u00c7AMENT\u00c1RIAS DO MUNIC\u00cdPIO DE PALMEIRA PARA O EXERC\u00cdCIO FINANCEIRO DE 2015 E D\u00c1 OUTRAS PROVID\u00caNCIAS"}, {"id": "765", "ano": "2014", "numero": "3945", "tipo__sigla": "PL", "tipo__descricao": "Projeto de Lei", "autoria": "", "texto_original": "http://sapl.palmeira.pr.leg.br/media/./sapl/public/materialegislativa/2014/765/765_texto_integral.pdf", "ementa": "REVOGA LEIS MUNICIPAIS QUE AUTORIZAVEM O PODER EXECUTIVO DO MUNIC\u00cdPIO DE PALMEIRA A DOAR IM\u00d3VEIS URBANOS \u00c0 EMPRESA KURTEN IND\u00daSTRIA DE CASAS PR\u00c9-FABRICADAS IMPORTA\u00c7\u00c3O E EXPORTA\u00c7\u00c3O E A EMPRESA MERCOSUL ESPUMAS INDUSTRIAIS LTDA E D\u00c1 OUTRAS PROVID\u00caNCIAS"}, {"id": "766", "ano": "2014", "numero": "3946", "tipo__sigla": "PL", "tipo__descricao": "Projeto de Lei", "autoria": "", "texto_original": "http://sapl.palmeira.pr.leg.br/media/./sapl/public/materialegislativa/2014/766/766_texto_integral.pdf", "ementa": "AUTORIZA O PODER EXECUTIVO A CONCEDER AUX\u00cdLIOS FINANCEIROS AOS M\u00c9DICOS PARTICIPANTES DO PROJETO MAIS M\u00c9DICOS PARA O BRASIL E D\u00c1 OUTRAS PROVID\u00caNCIAS"}, {"id": "767", "ano": "2014", "numero": "3947", "tipo__sigla": "PL", "tipo__descricao": "Projeto de Lei", "autoria": "", "texto_original": "http://sapl.palmeira.pr.leg.br/media/./sapl/public/materialegislativa/2014/767/767_texto_integral.pdf", "ementa": "AUTORIZA A ABERTURA DE CR\u00c9DITO ADICIONAL ESPECIAL E D\u00c1 OUTRAS PROVID\u00caNCIAS"}, {"id": "768", "ano": "2014", "numero": "3948", "tipo__sigla": "PL", "tipo__descricao": "Projeto de Lei", "autoria": "", "texto_original": "http://sapl.palmeira.pr.leg.br/media/./sapl/public/materialegislativa/2014/768/768_texto_integral.pdf", "ementa": "AUTORIZA A ABERTURA DE CR\u00c9DITO ADICIONAL SUPLEMENTAR E D\u00c1 OUTRAS PROVID\u00caNCIAS"}, {"id": "769", "ano": "2014", "numero": "3949", "tipo__sigla": "PL", "tipo__descricao": "Projeto de Lei", "autoria": "", "texto_original": "http://sapl.palmeira.pr.leg.br/media/./sapl/public/materialegislativa/2014/769/769_texto_integral.pdf", "ementa": "AUTORIZA O PODER EXECUTIVO A PROCEDER \u00c0 INCLUS\u00c3O DE IM\u00d3VEIS DE PROPRIEDADE DO MUNIC\u00cdPIO DE PALMEIRA NO PROGRAMA MINHA CASA MINHA VIDA - ENTIDADES COM O INTU\u00cdTO DE VIABILIZAR A CONSTRU\u00c7\u00c3O DE UNIDADES HABITACIONAIS E INTERESSE SOCIAL E D\u00c1 OUTRAS PROVID\u00caNCIAS"}, {"id": "770", "ano": "2014", "numero": "3950", "tipo__sigla": "PL", "tipo__descricao": "Projeto de Lei", "autoria": "", "texto_original": "http://sapl.palmeira.pr.leg.br/media/./sapl/public/materialegislativa/2014/770/770_texto_integral.pdf", "ementa": "DISP\u00d5E SOBRE REVERS\u00c3O DOS LOTES 79 E 79, LOCALIZADOS NO DISTRITO INDUSTRIAL DE PALMEIRA E D\u00c1 OUTRAS PROVID\u00caNCIAS"}, {"id": "772", "ano": "2014", "numero": "3951", "tipo__sigla": "PL", "tipo__descricao": "Projeto de Lei", "autoria": "", "texto_original": "http://sapl.palmeira.pr.leg.br/media/./sapl/public/materialegislativa/2014/772/772_texto_integral.pdf", "ementa": "AUTORIZA O PODER EXECUTIVO A PROCEDER \u00c0 CONCESS\u00c3O DE DIREITO REAL DE USO RESOL\u00daVEL DE IM\u00d3VEL URBANO \u00c0 COOPERATIVA AGR\u00c1RIA AGROINDUSTRIAL E DA OUTRAS PROVID\u00caNCIAS"}, {"id": "1810", "ano": "2014", "numero": "3952", "tipo__sigla": "PL", "tipo__descricao": "Projeto de Lei", "autoria": "Poder Executivo", "texto_original": "http://sapl.palmeira.pr.leg.br/media/sapl/public/materialegislativa/2014/1810/projeto_de_lei_no_3.952_2014_-_protocolo_no_190_rbN6q2G.pdf", "ementa": "INSTITUI O PLANO DE INCENTIVO EMPRESARIAL, VISANDO ESTIMULAR A GERA\u00c7\u00c3O DE EMPREGO E RENDA, SUPRIR OS SETORES DEFICIENTES DA CADEIA PRODUTIVA E DE SERVI\u00c7OS NO \u00c2MBITO MUNICIPAL, E D\u00c1 OUTRAS PROVID\u00caNCIAS"}, {"id": "774", "ano": "2014", "numero": "3953", "tipo__sigla": "PL", "tipo__descricao": "Projeto de Lei", "autoria": "", "texto_original": "http://sapl.palmeira.pr.leg.br/media/./sapl/public/materialegislativa/2014/774/774_texto_integral.pdf", "ementa": "AUTORIZA O PODER EXECUTIVO A PROCEDER \u00c0 CONCESS\u00c3O DE DIREITO REAL DE USO RESOL\u00daVEL DE IM\u00d3VEL URBANO \u00c0 EMPRESA CL\u00c1UDIO DE ALMEIDA MACIEL & CIA LTDA. E D\u00c1 OUTRAS PROVID\u00caNCIAS"}, {"id": "775", "ano": "2014", "numero": "3954", "tipo__sigla": "PL", "tipo__descricao": "Projeto de Lei", "autoria": "", "texto_original": "http://sapl.palmeira.pr.leg.br/media/./sapl/public/materialegislativa/2014/775/775_texto_integral.pdf", "ementa": "AUTORIZA A ABERTURA DE CR\u00c9DITO ADICIONAL SUPLEMENTAR E D\u00c1 OUTRAS PROVID\u00caNCIAS"}, {"id": "776", "ano": "2014", "numero": "3955", "tipo__sigla": "PL", "tipo__descricao": "Projeto de Lei", "autoria": "", "texto_original": "http://sapl.palmeira.pr.leg.br/media/./sapl/public/materialegislativa/2014/776/776_texto_integral.pdf", "ementa": "AUTORIZA A ABERTURA DE CR\u00c9DITO ADICIONAL ESPECIAL E D\u00c1 OUTRAS PROVID\u00caNCIAS"}, {"id": "777", "ano": "2014", "numero": "3956", "tipo__sigla": "PL", "tipo__descricao": "Projeto de Lei", "autoria": "", "texto_original": "http://sapl.palmeira.pr.leg.br/media/./sapl/public/materialegislativa/2014/777/777_texto_integral.pdf", "ementa": "AUTORIZA A ABERTURA DE CR\u00c9DITO ADICIONAL ESPECIAL E D\u00c1 OUTRAS PROVID\u00caNCIAS"}, {"id": "778", "ano": "2014", "numero": "3957", "tipo__sigla": "PL", "tipo__descricao": "Projeto de Lei", "autoria": "", "texto_original": "http://sapl.palmeira.pr.leg.br/media/./sapl/public/materialegislativa/2014/778/778_texto_integral.pdf", "ementa": "AUTORIZA A ABERTURA DE CR\u00c9DITO ADICIONAL SUPLEMENTAR E D\u00c1 OUTRAS PROVID\u00caNCIAS"}, {"id": "779", "ano": "2014", "numero": "3958", "tipo__sigla": "PL", "tipo__descricao": "Projeto de Lei", "autoria": "", "texto_original": "http://sapl.palmeira.pr.leg.br/media/./sapl/public/materialegislativa/2014/779/779_texto_integral.pdf", "ementa": "AUTORIZA A ABERTURA DE CR\u00c9DITO ADICIONAL ESPECIAL E D\u00c1 OUTRAS PROVID\u00caNCIAS"}, {"id": "780", "ano": "2014", "numero": "3959", "tipo__sigla": "PL", "tipo__descricao": "Projeto de Lei", "autoria": "", "texto_original": "http://sapl.palmeira.pr.leg.br/media/./sapl/public/materialegislativa/2014/780/780_texto_integral.pdf", "ementa": "AUTORIZA A ABERTURA DE CR\u00c9DITO ADICIONAL SUPLEMENTAR E D\u00c1 OUTRAS PROVID\u00caNCIAS"}, {"id": "781", "ano": "2014", "numero": "3960", "tipo__sigla": "PL", "tipo__descricao": "Projeto de Lei", "autoria": "", "texto_original": "http://sapl.palmeira.pr.leg.br/media/./sapl/public/materialegislativa/2014/781/781_texto_integral.pdf", "ementa": "DISP\u00d5E SOBRE A PREVEN\u00c7\u00c3O E A PUNI\u00c7\u00c3O A ATOS DE PICHA\u00c7\u00c3O NO \u00c2MBITO DO MUNIC\u00cdPIO DE PALMEIRA E D\u00c1 OURTAS PROVID\u00caNCIAS"}, {"id": "782", "ano": "2014", "numero": "3961", "tipo__sigla": "PL", "tipo__descricao": "Projeto de Lei", "autoria": "", "texto_original": "http://sapl.palmeira.pr.leg.br/media/./sapl/public/materialegislativa/2014/782/782_texto_integral.pdf", "ementa": "AUTORIZA A ABERTURA DE CR\u00c9DITO ADICIONAL ESPECIAL E D\u00c1 OUTRAS PROVID\u00caNCIAS"}, {"id": "783", "ano": "2014", "numero": "3962", "tipo__sigla": "PL", "tipo__descricao": "Projeto de Lei", "autoria": "", "texto_original": "http://sapl.palmeira.pr.leg.br/media/./sapl/public/materialegislativa/2014/783/783_texto_integral.pdf", "ementa": "AUTORIZA A ABERTURA DE CR\u00c9DITO ADICIONAL SUPLEMENTAR E D\u00c1 OUTRAS PROVID\u00caNCIAS"}, {"id": "784", "ano": "2014", "numero": "3963", "tipo__sigla": "PL", "tipo__descricao": "Projeto de Lei", "autoria": "", "texto_original": "http://sapl.palmeira.pr.leg.br/media/./sapl/public/materialegislativa/2014/784/784_texto_integral.pdf", "ementa": "AUTORIZA A ABERTURA DE CR\u00c9DITO ADICIONAL SUPLEMENTAR E D\u00c1 OUTRAS PROVID\u00caNCIAS"}, {"id": "785", "ano": "2014", "numero": "3964", "tipo__sigla": "PL", "tipo__descricao": "Projeto de Lei", "autoria": "", "texto_original": "http://sapl.palmeira.pr.leg.br/media/./sapl/public/materialegislativa/2014/785/785_texto_integral.pdf", "ementa": "DESAFETA DE SUA DESTINA\u00c7\u00c3O ESPEC\u00cdFICA LOTES DE PROPRIEDADE DO MUNIC\u00cdPIO, E D\u00c1 OUTRAS PROVID\u00caNCIAS"}, {"id": "786", "ano": "2014", "numero": "3965", "tipo__sigla": "PL", "tipo__descricao": "Projeto de Lei", "autoria": "", "texto_original": "http://sapl.palmeira.pr.leg.br/media/./sapl/public/materialegislativa/2014/786/786_texto_integral.pdf", "ementa": "AUTORIZA O MUNIC\u00cdPIO A ALIENAR TERRENOS DO MUNIC\u00cdPIO E D\u00c1 OUTRAS PROVID\u00caNCIAS"}, {"id": "787", "ano": "2014", "numero": "3966", "tipo__sigla": "PL", "tipo__descricao": "Projeto de Lei", "autoria": "", "texto_original": "http://sapl.palmeira.pr.leg.br/media/./sapl/public/materialegislativa/2014/787/787_texto_integral.pdf", "ementa": "DISP\u00d5E SOBRE A REGULAMENTA\u00c7\u00c3O DA PROPAGANDA SONORA NO MUNIC\u00cdPIO DE PALMEIRA E D\u00c1 OUTRAS PROVID\u00caNCIAS"}, {"id": "788", "ano": "2014", "numero": "3967", "tipo__sigla": "PL", "tipo__descricao": "Projeto de Lei", "autoria": "", "texto_original": "http://sapl.palmeira.pr.leg.br/media/./sapl/public/materialegislativa/2014/788/788_texto_integral.pdf", "ementa": "AUTORIZA A ABERTURA DE CR\u00c9DITO ADICIONAL SUPLEMENTAR E D\u00c1 OUTRAS PROVID\u00caNCIAS"}, {"id": "789", "ano": "2014", "numero": "3968", "tipo__sigla": "PL", "tipo__descricao": "Projeto de Lei", "autoria": "", "texto_original": "http://sapl.palmeira.pr.leg.br/media/./sapl/public/materialegislativa/2014/789/789_texto_integral.pdf", "ementa": "AUTORIZA A ABERTURA DE CR\u00c9DITO ADICIONAL SUPLEMENTAR E D\u00c1 OUTRAS PROVID\u00caNCIAS"}, {"id": "790", "ano": "2014", "numero": "3969", "tipo__sigla": "PL", "tipo__descricao": "Projeto de Lei", "autoria": "", "texto_original": "http://sapl.palmeira.pr.leg.br/media/./sapl/public/materialegislativa/2014/790/790_texto_integral.pdf", "ementa": "AUTORIZA A ABERTURA DE CR\u00c9DITO ADICIONAL SUPLEMENTAR E D\u00c1 OUTRAS PROVID\u00caNCIAS"}, {"id": "791", "ano": "2014", "numero": "3970", "tipo__sigla": "PL", "tipo__descricao": "Projeto de Lei", "autoria": "", "texto_original": "http://sapl.palmeira.pr.leg.br/media/./sapl/public/materialegislativa/2014/791/791_texto_integral.pdf", "ementa": "AUTORIZA A ABERTURA DE CR\u00c9DITO ADICIONAL SUPLEMENTAR E D\u00c1 OUTRAS PROVID\u00caNCIAS"}, {"id": "792", "ano": "2014", "numero": "3971", "tipo__sigla": "PL", "tipo__descricao": "Projeto de Lei", "autoria": "", "texto_original": "http://sapl.palmeira.pr.leg.br/media/./sapl/public/materialegislativa/2014/792/792_texto_integral.pdf", "ementa": "AUTORIZA A ABERTURA DE CR\u00c9DITO ADICIONAL ESPECIAL E D\u00c1 OUTRAS PROVID\u00caNCIAS"}, {"id": "793", "ano": "2014", "numero": "3972", "tipo__sigla": "PL", "tipo__descricao": "Projeto de Lei", "autoria": "", "texto_original": "http://sapl.palmeira.pr.leg.br/media/./sapl/public/materialegislativa/2014/793/793_texto_integral.pdf", "ementa": "AUTORIZA O PODER EXECUTIVO A PERMUTAR IM\u00d3VEIS DE PROPRIEDADE DO MUNIC\u00cdPIO DE PALMEIRA, E D\u00c1 OUTRAS PROVID\u00caNCIAS"}, {"id": "794", "ano": "2014", "numero": "3973", "tipo__sigla": "PL", "tipo__descricao": "Projeto de Lei", "autoria": "", "texto_original": "http://sapl.palmeira.pr.leg.br/media/./sapl/public/materialegislativa/2014/794/794_texto_integral.pdf", "ementa": "AUTORIZA O PODER EXECUTIVO MUNICIPAL A OUTORGAR AUTORIZA\u00c7\u00c3O DE USO DE BEM P\u00daBLICO MUNICIPAL \u00c0 ASSOCIA\u00c7\u00c3O DOS AMIGOS DOS C\u00c3ES DE RUA DE PALMEIRA, E D\u00c1 OUTRAS PROVID\u00caNCIAS"}, {"id": "795", "ano": "2014", "numero": "3974", "tipo__sigla": "PL", "tipo__descricao": "Projeto de Lei", "autoria": "", "texto_original": "http://sapl.palmeira.pr.leg.br/media/./sapl/public/materialegislativa/2014/795/795_texto_integral.pdf", "ementa": "CONVALIDA AS DISPOSI\u00c7\u00d5ES CONSTANTES DA LEI N\u00ba 3626, DE 06/03/2014, QUE AUTORIZA A ABERTURA DE CR\u00c9DITO ADICIONAL SUPLEMENTAR"}, {"id": "796", "ano": "2014", "numero": "3975", "tipo__sigla": "PL", "tipo__descricao": "Projeto de Lei", "autoria": "", "texto_original": "http://sapl.palmeira.pr.leg.br/media/./sapl/public/materialegislativa/2014/796/796_texto_integral.pdf", "ementa": "AUTORIZA A ABERTURA DE CR\u00c9DITO ADICIONAL ESPECIAL E D\u00c1 OUTRAS PROVID\u00caNCIAS"}, {"id": "797", "ano": "2014", "numero": "3976", "tipo__sigla": "PL", "tipo__descricao": "Projeto de Lei", "autoria": "", "texto_original": "http://sapl.palmeira.pr.leg.br/media/./sapl/public/materialegislativa/2014/797/797_texto_integral.pdf", "ementa": "AUTORIZA A ABERTURA DE CR\u00c9DITO ADICIONAL SUPLEMENTAR E D\u00c1 OUTRAS PROVID\u00caNCIAS"}, {"id": "798", "ano": "2014", "numero": "3977", "tipo__sigla": "PL", "tipo__descricao": "Projeto de Lei", "autoria": "", "texto_original": "http://sapl.palmeira.pr.leg.br/media/./sapl/public/materialegislativa/2014/798/798_texto_integral.pdf", "ementa": "CRIA O CONSELHO MUNICIPAL DOS DIREITOS DO IDOSO - CMDI, E O FUNDO MUNICIPAL DOS DIREITOS DO IDOSO, E D\u00c1 OUTRAS PROVID\u00caNCIAS"}, {"id": "799", "ano": "2014", "numero": "3978", "tipo__sigla": "PL", "tipo__descricao": "Projeto de Lei", "autoria": "", "texto_original": "http://sapl.palmeira.pr.leg.br/media/./sapl/public/materialegislativa/2014/799/799_texto_integral.pdf", "ementa": "DISP\u00d5E SOBRE A COLETA DE LIXO ELETR\u00d4NICO NO MUNIC\u00cdPIO DE PALMEIRA"}, {"id": "800", "ano": "2014", "numero": "3979", "tipo__sigla": "PL", "tipo__descricao": "Projeto de Lei", "autoria": "", "texto_original": "http://sapl.palmeira.pr.leg.br/media/./sapl/public/materialegislativa/2014/800/800_texto_integral.pdf", "ementa": "FIXA O VALOR DAS DI\u00c1RIAS DESTINADAS A INDENIZA\u00c7\u00c3O DE DESPESAS DE VEREADORES, ASSESSORES E SERVIDORES DA C\u00c2MARA MUNICIPAL DE PALMEIRA, NA FORMA E CONDI\u00c7\u00d5ES ESPEC\u00cdFICAS"}, {"id": "801", "ano": "2014", "numero": "3980", "tipo__sigla": "PL", "tipo__descricao": "Projeto de Lei", "autoria": "", "texto_original": "http://sapl.palmeira.pr.leg.br/media/./sapl/public/materialegislativa/2014/801/801_texto_integral.pdf", "ementa": "AUTORIZA A ABERTURA DE CR\u00c9DITO ADICIONAL ESPECIAL E D\u00c1 OUTRAS PROVID\u00caNCIAS"}, {"id": "802", "ano": "2014", "numero": "3981", "tipo__sigla": "PL", "tipo__descricao": "Projeto de Lei", "autoria": "", "texto_original": "http://sapl.palmeira.pr.leg.br/media/./sapl/public/materialegislativa/2014/802/802_texto_integral.pdf", "ementa": "DISP\u00d5E SOBRE O TRATAMENTO E ASS\u00c9PSIA DA AREIA CONTIDA NAS \u00c1REAS DESTINADAS AO LAZER E RECREA\u00c7\u00c3O INFANTIL EXISTENTES NOS PARQUES E ESCOLAS MUNICIPAIS DE PALMEIRA"}, {"id": "804", "ano": "2014", "numero": "3983", "tipo__sigla": "PL", "tipo__descricao": "Projeto de Lei", "autoria": "", "texto_original": "http://sapl.palmeira.pr.leg.br/media/./sapl/public/materialegislativa/2014/804/804_texto_integral.pdf", "ementa": "INSTITUI A SEMANA CULTURAL NO MUNIC\u00cdPIO DE PALMEIRA"}, {"id": "805", "ano": "2014", "numero": "3984", "tipo__sigla": "PL", "tipo__descricao": "Projeto de Lei", "autoria": "", "texto_original": "http://sapl.palmeira.pr.leg.br/media/./sapl/public/materialegislativa/2014/805/805_texto_integral.pdf", "ementa": "AUTORIZA O PODER EXECUTIVO A PROCEDER \u00c0 CONCESS\u00c3O DE DIREITO REAL DE USO RESOL\u00daVEL DE IM\u00d3VEL URBANO \u00c0 EMPRESA FELIPE RIGONI & CIA LTDA - ME, E D\u00c1 OUTRAS PROVID\u00caNCIAS"}, {"id": "806", "ano": "2014", "numero": "3985", "tipo__sigla": "PL", "tipo__descricao": "Projeto de Lei", "autoria": "", "texto_original": "http://sapl.palmeira.pr.leg.br/media/./sapl/public/materialegislativa/2014/806/806_texto_integral.pdf", "ementa": "INSTITUI A SEMANA BIBLIOTECARTE NO MUNIC\u00cdPIO DE PALMEIRA"}, {"id": "807", "ano": "2014", "numero": "3986", "tipo__sigla": "PL", "tipo__descricao": "Projeto de Lei", "autoria": "", "texto_original": "http://sapl.palmeira.pr.leg.br/media/./sapl/public/materialegislativa/2014/807/807_texto_integral.pdf", "ementa": "ALTERA DISPOSITIVOS DA LEI 2515, DE 21 DE DEZEMBRO DE 2006, QUE PASSAM A VIGORAR COM A SEGUINTE REDA\u00c7\u00c3O"}, {"id": "808", "ano": "2014", "numero": "3987", "tipo__sigla": "PL", "tipo__descricao": "Projeto de Lei", "autoria": "", "texto_original": "http://sapl.palmeira.pr.leg.br/media/./sapl/public/materialegislativa/2014/808/808_texto_integral.pdf", "ementa": "ABRE VAGAS NO SERVI\u00c7O P\u00daBLICO MUNICIPAL E D\u00c1 OUTRAS PROVID\u00caNCIAS"}, {"id": "809", "ano": "2014", "numero": "3988", "tipo__sigla": "PL", "tipo__descricao": "Projeto de Lei", "autoria": "", "texto_original": "http://sapl.palmeira.pr.leg.br/media/./sapl/public/materialegislativa/2014/809/809_texto_integral.pdf", "ementa": "DISP\u00d5E SOBRE DENOMINA\u00c7\u00c3O A RUA DA CIDADE E D\u00c1 OUTRAS PROVID\u00caNCIAS"}, {"id": "810", "ano": "2014", "numero": "3989", "tipo__sigla": "PL", "tipo__descricao": "Projeto de Lei", "autoria": "", "texto_original": "http://sapl.palmeira.pr.leg.br/media/./sapl/public/materialegislativa/2014/810/810_texto_integral.pdf", "ementa": "DISP\u00d5E SOBRE DENOMINA\u00c7\u00c3O \u00c0 RUA DA CIDADE E D\u00c1 OUTRAS PROVID\u00caNCIAS"}, {"id": "811", "ano": "2014", "numero": "3990", "tipo__sigla": "PL", "tipo__descricao": "Projeto de Lei", "autoria": "", "texto_original": "http://sapl.palmeira.pr.leg.br/media/./sapl/public/materialegislativa/2014/811/811_texto_integral.pdf", "ementa": "DISP\u00d5E SOBRE DENOMINA\u00c7\u00c3O \u00c0 RUA DA CIDADE E D\u00c1 OUTRAS PROVID\u00caNCIAS"}, {"id": "812", "ano": "2014", "numero": "3991", "tipo__sigla": "PL", "tipo__descricao": "Projeto de Lei", "autoria": "", "texto_original": "http://sapl.palmeira.pr.leg.br/media/./sapl/public/materialegislativa/2014/812/812_texto_integral.pdf", "ementa": "AUTORIZA A ABERTURA DE CR\u00c9DITO ADICIONAL SUPLEMENTAR E D\u00c1 OUTRAS PROVID\u00caNCIAS"}, {"id": "813", "ano": "2014", "numero": "3992", "tipo__sigla": "PL", "tipo__descricao": "Projeto de Lei", "autoria": "", "texto_original": "http://sapl.palmeira.pr.leg.br/media/./sapl/public/materialegislativa/2014/813/813_texto_integral.pdf", "ementa": "AUTORIZA A ABERTURA DE CR\u00c9DITO ADICIONAL ESPECIAL E D\u00c1 OUTRAS PROVID\u00caNCIAS"}, {"id": "814", "ano": "2014", "numero": "3993", "tipo__sigla": "PL", "tipo__descricao": "Projeto de Lei", "autoria": "", "texto_original": "http://sapl.palmeira.pr.leg.br/media/./sapl/public/materialegislativa/2014/814/814_texto_integral.pdf", "ementa": "AUTORIZA A ABERTURA DE CR\u00c9DITO ADICIONAL ESPECIAL E D\u00c1 OUTRAS PROVID\u00caNCIAS"}, {"id": "815", "ano": "2014", "numero": "3994", "tipo__sigla": "PL", "tipo__descricao": "Projeto de Lei", "autoria": "", "texto_original": "http://sapl.palmeira.pr.leg.br/media/./sapl/public/materialegislativa/2014/815/815_texto_integral.pdf", "ementa": "AUTORIZA A ABERTURA DE CR\u00c9DITO ADICIONAL SUPLEMENTAR E D\u00c1 OUTRAS PROVID\u00caNCIAS"}, {"id": "816", "ano": "2014", "numero": "3995", "tipo__sigla": "PL", "tipo__descricao": "Projeto de Lei", "autoria": "", "texto_original": "http://sapl.palmeira.pr.leg.br/media/./sapl/public/materialegislativa/2014/816/816_texto_integral.pdf", "ementa": "AUTORIZA A ABERTURA DE CR\u00c9DITO ADICIONAL SUPLEMENTAR E D\u00c1 OUTRAS PROVID\u00caNCIAS"}, {"id": "817", "ano": "2014", "numero": "3996", "tipo__sigla": "PL", "tipo__descricao": "Projeto de Lei", "autoria": "", "texto_original": "http://sapl.palmeira.pr.leg.br/media/./sapl/public/materialegislativa/2014/817/817_texto_integral.pdf", "ementa": "AUTORIZA A ABERTURA DE CR\u00c9DITO ADICIONAL ESPECIAL E D\u00c1 OUTRAS PROVID\u00caNCIAS"}, {"id": "818", "ano": "2014", "numero": "3997", "tipo__sigla": "PL", "tipo__descricao": "Projeto de Lei", "autoria": "", "texto_original": "http://sapl.palmeira.pr.leg.br/media/./sapl/public/materialegislativa/2014/818/818_texto_integral.pdf", "ementa": "AUTORIZA A ABERTURA DE CR\u00c9DITO ADICIONAL ESPECIAL E D\u00c1 OUTRAS PROVID\u00caNCIAS"}, {"id": "819", "ano": "2014", "numero": "3998", "tipo__sigla": "PL", "tipo__descricao": "Projeto de Lei", "autoria": "", "texto_original": "http://sapl.palmeira.pr.leg.br/media/./sapl/public/materialegislativa/2014/819/819_texto_integral.pdf", "ementa": "AUTORIZA A ABERTURA DE CR\u00c9DITO ADICIONAL SUPLEMENTAR E D\u00c1 OUTRAS PROVID\u00caNCIAS"}, {"id": "820", "ano": "2014", "numero": "3999", "tipo__sigla": "PL", "tipo__descricao": "Projeto de Lei", "autoria": "", "texto_original": "http://sapl.palmeira.pr.leg.br/media/./sapl/public/materialegislativa/2014/820/820_texto_integral.pdf", "ementa": "AUTORIZA A ABERTURA DE CR\u00c9DITO ADICIONAL SUPLEMENTAR E D\u00c1 OUTRAS PROVID\u00caNCIAS"}, {"id": "821", "ano": "2014", "numero": "4000", "tipo__sigla": "PL", "tipo__descricao": "Projeto de Lei", "autoria": "", "texto_original": "http://sapl.palmeira.pr.leg.br/media/./sapl/public/materialegislativa/2014/821/821_texto_integral.pdf", "ementa": "AUTORIZA A ABERTURA DE CR\u00c9DITO ADICIONAL ESPECIAL E D\u00c1 OUTRAS PROVID\u00caNCIAS"}, {"id": "822", "ano": "2014", "numero": "4001", "tipo__sigla": "PL", "tipo__descricao": "Projeto de Lei", "autoria": "", "texto_original": "http://sapl.palmeira.pr.leg.br/media/./sapl/public/materialegislativa/2014/822/822_texto_integral.pdf", "ementa": "AUTORIZA A ABERTURA DE CR\u00c9DITO ADICIONAL SUPLEMENTAR E D\u00c1 OUTRAS PROVID\u00caNCIAS"}, {"id": "823", "ano": "2014", "numero": "4002", "tipo__sigla": "PL", "tipo__descricao": "Projeto de Lei", "autoria": "", "texto_original": "http://sapl.palmeira.pr.leg.br/media/./sapl/public/materialegislativa/2014/823/823_texto_integral.pdf", "ementa": "DENOMINA PRA\u00c7A DA CIDADE"}, {"id": "824", "ano": "2014", "numero": "4003", "tipo__sigla": "PL", "tipo__descricao": "Projeto de Lei", "autoria": "", "texto_original": "http://sapl.palmeira.pr.leg.br/media/./sapl/public/materialegislativa/2014/824/824_texto_integral.pdf", "ementa": "INSTITUI O DIA DA HIST\u00d3RIA DE PALMEIRA NO MUNIC\u00cdPIO"}, {"id": "825", "ano": "2014", "numero": "4004", "tipo__sigla": "PL", "tipo__descricao": "Projeto de Lei", "autoria": "", "texto_original": "http://sapl.palmeira.pr.leg.br/media/./sapl/public/materialegislativa/2014/825/825_texto_integral.pdf", "ementa": "INSTITUI O DIA SAUD\u00c1VEL NO MUNIC\u00cdPIO DE PALMEIRA"}, {"id": "826", "ano": "2014", "numero": "4005", "tipo__sigla": "PL", "tipo__descricao": "Projeto de Lei", "autoria": "", "texto_original": "http://sapl.palmeira.pr.leg.br/media/./sapl/public/materialegislativa/2014/826/826_texto_integral.pdf", "ementa": "AUTORIZA A ABERTURA DE CR\u00c9DITO ADICIONAL ESPECIAL E D\u00c1 OUTRAS PROVID\u00caNCIAS"}, {"id": "827", "ano": "2014", "numero": "4006", "tipo__sigla": "PL", "tipo__descricao": "Projeto de Lei", "autoria": "", "texto_original": "http://sapl.palmeira.pr.leg.br/media/./sapl/public/materialegislativa/2014/827/827_texto_integral.pdf", "ementa": "AUTORIZA A ABERTURA DE CR\u00c9DITO ADICIONAL SUPLEMENTAR E D\u00c1 OUTRAS PROVID\u00caNCIAS"}, {"id": "828", "ano": "2014", "numero": "4007", "tipo__sigla": "PL", "tipo__descricao": "Projeto de Lei", "autoria": "", "texto_original": "http://sapl.palmeira.pr.leg.br/media/./sapl/public/materialegislativa/2014/828/828_texto_integral.pdf", "ementa": "AUTORIZA A ABERTURA DE CR\u00c9DITO ADICIONAL ESPECIAL E D\u00c1 OUTRAS PROVID\u00caNCIAS"}, {"id": "829", "ano": "2014", "numero": "4008", "tipo__sigla": "PL", "tipo__descricao": "Projeto de Lei", "autoria": "", "texto_original": "http://sapl.palmeira.pr.leg.br/media/./sapl/public/materialegislativa/2014/829/829_texto_integral.pdf", "ementa": "AUTORIZA  PODER EXECUTIVO A PROCEDER A AMORTIZA\u00c7\u00c3O DO D\u00c9BITO ATUARIAL JUNTO AO REGIME PR\u00d3PRIO DE PREVID\u00caNCIA SOCIAL - RPPS, MEDIANTE DA\u00c7\u00c3O EM PAGAMENTO DE BENS IM\u00d3VEIS DE PROPRIEDADE DO MUNIC\u00cdPIO DE PALMEIRA"}, {"id": "830", "ano": "2014", "numero": "4009", "tipo__sigla": "PL", "tipo__descricao": "Projeto de Lei", "autoria": "", "texto_original": "http://sapl.palmeira.pr.leg.br/media/./sapl/public/materialegislativa/2014/830/830_texto_integral.pdf", "ementa": "AUTORIZA O PODER EXECUTIVO A PROCEDER A CONCESS\u00c3O DE DIREITO REAL DE USO RESOL\u00daVEL DE IM\u00d3VEL URBANO \u00c0 EMPRESA BORDINH\u00c3O, KOVALSKI & CIE LTDA - ME, E D\u00c1 OUTRAS PROVID\u00caNCIAS"}, {"id": "831", "ano": "2014", "numero": "4010", "tipo__sigla": "PL", "tipo__descricao": "Projeto de Lei", "autoria": "", "texto_original": "http://sapl.palmeira.pr.leg.br/media/./sapl/public/materialegislativa/2014/831/831_texto_integral.pdf", "ementa": "AUTORIZA O PODER EXECUTIVO A PERMUTAR \u00c1REA DE TERRENO DO MUNIC\u00cdPIO, E D\u00c1 OUTRAS PROVID\u00caNCIAS"}, {"id": "832", "ano": "2014", "numero": "4011", "tipo__sigla": "PL", "tipo__descricao": "Projeto de Lei", "autoria": "", "texto_original": "http://sapl.palmeira.pr.leg.br/media/./sapl/public/materialegislativa/2014/832/832_texto_integral.pdf", "ementa": "ALTERA O LOTE 20 DO ANEXO \u00daNICO DA LEI 3543, DE 25 DE SETEMBRO DE 2013, E D\u00c1 OUTRAS PROVID\u00caNCIAS"}, {"id": "833", "ano": "2014", "numero": "4012", "tipo__sigla": "PL", "tipo__descricao": "Projeto de Lei", "autoria": "", "texto_original": "http://sapl.palmeira.pr.leg.br/media/./sapl/public/materialegislativa/2014/833/833_texto_integral.pdf", "ementa": "ALTERA DISPOSITIVOS DA LEI N\u00ba 3572, DE 20 DE NOVEMBRO DE 2013 E D\u00c1 OUTRAS PROVID\u00caNCIAS"}, {"id": "834", "ano": "2014", "numero": "4013", "tipo__sigla": "PL", "tipo__descricao": "Projeto de Lei", "autoria": "", "texto_original": "http://sapl.palmeira.pr.leg.br/media/./sapl/public/materialegislativa/2014/834/834_texto_integral.pdf", "ementa": "AUTORIZA A ABERTURA DE CR\u00c9DITO ADICIONAL SUPLEMENTAR E D\u00c1 OUTRAS PROVID\u00caNCIAS"}, {"id": "835", "ano": "2014", "numero": "4014", "tipo__sigla": "PL", "tipo__descricao": "Projeto de Lei", "autoria": "", "texto_original": "http://sapl.palmeira.pr.leg.br/media/./sapl/public/materialegislativa/2014/835/835_texto_integral.pdf", "ementa": "AUTORIZA A ABERTURA DE CR\u00c9DITO ADICIONAL SUPLEMENTAR E D\u00c1 OUTRAS PROVID\u00caNCIAS"}, {"id": "836", "ano": "2014", "numero": "4015", "tipo__sigla": "PL", "tipo__descricao": "Projeto de Lei", "autoria": "", "texto_original": "http://sapl.palmeira.pr.leg.br/media/./sapl/public/materialegislativa/2014/836/836_texto_integral.pdf", "ementa": "AUTORIZA A ABERTURA DE CR\u00c9DITO ADICIONAL ESPECIAL E D\u00c1 OUTRAS PROVID\u00caNCIAS"}, {"id": "837", "ano": "2014", "numero": "4016", "tipo__sigla": "PL", "tipo__descricao": "Projeto de Lei", "autoria": "", "texto_original": "http://sapl.palmeira.pr.leg.br/media/./sapl/public/materialegislativa/2014/837/837_texto_integral.pdf", "ementa": "AUTORIZA A ABERTURA DE CR\u00c9DITO ADICIONAL ESPECIAL E D\u00c1 OUTRAS PROVID\u00caNCIAS"}, {"id": "838", "ano": "2014", "numero": "4017", "tipo__sigla": "PL", "tipo__descricao": "Projeto de Lei", "autoria": "", "texto_original": "http://sapl.palmeira.pr.leg.br/media/./sapl/public/materialegislativa/2014/838/838_texto_integral.pdf", "ementa": "AUTORIZA O PODER EXECUTIVO MUNICIPAL A PROMOVER LEIL\u00c3O P\u00daBLICO COM A FINALIDADE DE ALIENAR VE\u00cdCULOS INSERV\u00cdVEIS AO MUNIC\u00cdPIO, E D\u00c1 OUTRAS PROVID\u00caNCIAS"}, {"id": "839", "ano": "2014", "numero": "4018", "tipo__sigla": "PL", "tipo__descricao": "Projeto de Lei", "autoria": "", "texto_original": "http://sapl.palmeira.pr.leg.br/media/./sapl/public/materialegislativa/2014/839/839_texto_integral.pdf", "ementa": "ALTERA DISPOSITIVOS DA LEI N\u00ba 3591, DE 13 DE DEZEMBRO DE 2013 E D\u00c1 OUTRAS PROVID\u00caNCIAS"}, {"id": "840", "ano": "2014", "numero": "4019", "tipo__sigla": "PL", "tipo__descricao": "Projeto de Lei", "autoria": "", "texto_original": "http://sapl.palmeira.pr.leg.br/media/./sapl/public/materialegislativa/2014/840/840_texto_integral.pdf", "ementa": "AUTORIZA A ABERTURA DE CR\u00c9DITO ADICIONAL SUPLEMENTAR E D\u00c1 OUTRAS PROVID\u00caNCIAS"}, {"id": "841", "ano": "2014", "numero": "4020", "tipo__sigla": "PL", "tipo__descricao": "Projeto de Lei", "autoria": "", "texto_original": "http://sapl.palmeira.pr.leg.br/media/./sapl/public/materialegislativa/2014/841/841_texto_integral.pdf", "ementa": "DISP\u00d5E SOBRE AUTORIZA\u00c7\u00c3O DE ADIANTAMENTO DE PARCELAS PREVISTAS PELO ARTIGO 3\u00ba DA LEI N\u00ba 3676 DE 10/06/2014, QUE TRATA DA REVERS\u00c3O DOS LOTES N\u00daMEROS 78 E 79, LOCALIZADOS NO DISTRITO INDUSTRIAL DE PALMEIRA E D\u00c1 OUTRAS PROVID\u00caNCIAS"}, {"id": "842", "ano": "2014", "numero": "4021", "tipo__sigla": "PL", "tipo__descricao": "Projeto de Lei", "autoria": "", "texto_original": "http://sapl.palmeira.pr.leg.br/media/./sapl/public/materialegislativa/2014/842/842_texto_integral.pdf", "ementa": "DESAFETA DE SUA DESTINA\u00c7\u00c3O ESPEC\u00cdFICA LOTES DE PROPRIEDADE DO MUNIC\u00cdPIO, E D\u00c1 OUTRAS PROVID\u00caNCIAS"}, {"id": "843", "ano": "2014", "numero": "4022", "tipo__sigla": "PL", "tipo__descricao": "Projeto de Lei", "autoria": "", "texto_original": "http://sapl.palmeira.pr.leg.br/media/./sapl/public/materialegislativa/2014/843/843_texto_integral.pdf", "ementa": "AUTORIZA A ABERTURA DE CR\u00c9DITO ADICIONAL SUPLEMENTAR E D\u00c1 OUTRAS PROVID\u00caNCIAS"}, {"id": "844", "ano": "2014", "numero": "4023", "tipo__sigla": "PL", "tipo__descricao": "Projeto de Lei", "autoria": "", "texto_original": "http://sapl.palmeira.pr.leg.br/media/./sapl/public/materialegislativa/2014/844/844_texto_integral.pdf", "ementa": "CONCEDE O PR\u00caMIO CIDADE CLIMA DO BRASIL E D\u00c1 OUTRAS PROVID\u00caNCIAS"}, {"id": "845", "ano": "2014", "numero": "4024", "tipo__sigla": "PL", "tipo__descricao": "Projeto de Lei", "autoria": "", "texto_original": "http://sapl.palmeira.pr.leg.br/media/./sapl/public/materialegislativa/2014/845/845_texto_integral.pdf", "ementa": "AUTORIZA A ABERTURA DE CR\u00c9DITO ADICIONAL SUPLEMENTAR E D\u00c1 OUTRAS PROVID\u00caNCIAS"}, {"id": "846", "ano": "2014", "numero": "4025", "tipo__sigla": "PL", "tipo__descricao": "Projeto de Lei", "autoria": "", "texto_original": "http://sapl.palmeira.pr.leg.br/media/./sapl/public/materialegislativa/2014/846/846_texto_integral.pdf", "ementa": "AUTORIZA O PODER EXECUTIVO A PROCEDER \u00c0 CONCESS\u00c3O DE DIREITO REAL DE USO RESOL\u00daVEL DE IM\u00d3VEL URBANO \u00c0 EMPRESA AGROPECU\u00c1RIA IP\u00ca AMARELO, E D\u00c1 OUTRAS PROVID\u00caNCIAS"}, {"id": "847", "ano": "2014", "numero": "4026", "tipo__sigla": "PL", "tipo__descricao": "Projeto de Lei", "autoria": "", "texto_original": "http://sapl.palmeira.pr.leg.br/media/./sapl/public/materialegislativa/2014/847/847_texto_integral.pdf", "ementa": "CRIA O CONSELHO MUNICIPAL DA JUVENTUDE - CMJ, E D\u00c1 OUTRAS PROVID\u00caNCIAS"}, {"id": "848", "ano": "2014", "numero": "4027", "tipo__sigla": "PL", "tipo__descricao": "Projeto de Lei", "autoria": "", "texto_original": "http://sapl.palmeira.pr.leg.br/media/./sapl/public/materialegislativa/2014/848/848_texto_integral.pdf", "ementa": "AUTORIZA A ABERTURA DE CR\u00c9DITO ADICIONAL ESPECIAL E D\u00c1 OUTRAS PROVID\u00caNCIAS"}, {"id": "849", "ano": "2014", "numero": "4028", "tipo__sigla": "PL", "tipo__descricao": "Projeto de Lei", "autoria": "", "texto_original": "http://sapl.palmeira.pr.leg.br/media/./sapl/public/materialegislativa/2014/849/849_texto_integral.pdf", "ementa": "AUTORIZA A ABERTURA DE CR\u00c9DITO ADICIONAL SUPLEMENTAR E D\u00c1 OUTRAS PROVID\u00caNCIAS"}, {"id": "850", "ano": "2014", "numero": "4029", "tipo__sigla": "PL", "tipo__descricao": "Projeto de Lei", "autoria": "", "texto_original": "http://sapl.palmeira.pr.leg.br/media/./sapl/public/materialegislativa/2014/850/850_texto_integral.pdf", "ementa": "AUTORIZA A ABERTURA DE CR\u00c9DITO ADICIONAL SUPLEMENTAR E D\u00c1 OUTRAS PROVID\u00caNCIAS"}, {"id": "851", "ano": "2014", "numero": "4030", "tipo__sigla": "PL", "tipo__descricao": "Projeto de Lei", "autoria": "", "texto_original": "http://sapl.palmeira.pr.leg.br/media/./sapl/public/materialegislativa/2014/851/851_texto_integral.pdf", "ementa": "ALTERA O \u00a7 1\u00ba DO ART. 2\u00ba, ACRESCENTA O INCISO IV AO \u00a7 2\u00ba DO ART. 4\u00ba E ALTERA O ART. 13 DA LEI N\u00ba 3594, DE 18 DE DEZEMBRO DE 2013"}, {"id": "852", "ano": "2014", "numero": "4031", "tipo__sigla": "PL", "tipo__descricao": "Projeto de Lei", "autoria": "", "texto_original": "http://sapl.palmeira.pr.leg.br/media/./sapl/public/materialegislativa/2014/852/852_texto_integral.pdf", "ementa": "DISP\u00d5E SOBRE A DENOMINA\u00c7\u00c3O DO PR\u00c9DIO DA ANTIGA ESTA\u00c7\u00c3O FERROVI\u00c1RIA DO MUNIC\u00cdPIO DE PALMEIRA E D\u00c1 OUTRAS PROVID\u00caNCIAS"}, {"id": "853", "ano": "2014", "numero": "4032", "tipo__sigla": "PL", "tipo__descricao": "Projeto de Lei", "autoria": "", "texto_original": "http://sapl.palmeira.pr.leg.br/media/./sapl/public/materialegislativa/2014/853/853_texto_integral.pdf", "ementa": "ALTERA A LEI 3612, DE 30 DE DEZEMBRO DE 2013, QUE AUTORIZA O PODER EXECUTIVO A PROCEDER A AMORTIZA\u00c7\u00c3O DO D\u00c9BITO ATUARIAL JUNTO AO REGIME PR\u00d3PRIO DE PREVID\u00caNCIA SOCIAL - RPPS, MEDIANTE DA\u00c7\u00c3O EM PAGAMENTO DE BENS IM\u00d3VEIS DE PROPRIEDADE DO MUNIC\u00cdPIO E D\u00c1 OUTRAS PROVID\u00caNCIAS"}, {"id": "854", "ano": "2014", "numero": "4033", "tipo__sigla": "PL", "tipo__descricao": "Projeto de Lei", "autoria": "", "texto_original": "http://sapl.palmeira.pr.leg.br/media/./sapl/public/materialegislativa/2014/854/854_texto_integral.pdf", "ementa": "INSTITUI NO CALEND\u00c1RIO OFICIAL DO MUNIC\u00cdP\u00cdO A SEMANA DA PAZ E D\u00c1 OUTRAS PROVID\u00caNCIAS"}, {"id": "855", "ano": "2014", "numero": "4034", "tipo__sigla": "PL", "tipo__descricao": "Projeto de Lei", "autoria": "", "texto_original": "http://sapl.palmeira.pr.leg.br/media/./sapl/public/materialegislativa/2014/855/855_texto_integral.pdf", "ementa": "DECLARA DE UTILIDADE P\u00daBLICA O SINDICATO DOS TRABALHADORES RURAIS DE PALMEIRA E D\u00c1 OUTRAS PROVID\u00caNCIAS"}, {"id": "856", "ano": "2014", "numero": "4035", "tipo__sigla": "PL", "tipo__descricao": "Projeto de Lei", "autoria": "", "texto_original": "http://sapl.palmeira.pr.leg.br/media/./sapl/public/materialegislativa/2014/856/856_texto_integral.pdf", "ementa": "DESAFETA DE SUA DESTINA\u00c7\u00c3O ESPEC\u00cdFICA LOTES DE PROPRIEDADE DO MUNIC\u00cdPIO DE PALMEIRA E D\u00c1 OUTRAS PROVID\u00caNCIAS"}, {"id": "857", "ano": "2014", "numero": "4036", "tipo__sigla": "PL", "tipo__descricao": "Projeto de Lei", "autoria": "", "texto_original": "http://sapl.palmeira.pr.leg.br/media/./sapl/public/materialegislativa/2014/857/857_texto_integral.pdf", "ementa": "ABRE VAGAS NO SERVI\u00c7O P\u00daBLICO MUNICIPAL E D\u00c1 OUTRAS PROVID\u00caNCIAS"}, {"id": "858", "ano": "2014", "numero": "4037", "tipo__sigla": "PL", "tipo__descricao": "Projeto de Lei", "autoria": "", "texto_original": "http://sapl.palmeira.pr.leg.br/media/./sapl/public/materialegislativa/2014/858/858_texto_integral.pdf", "ementa": "ESTIMA A RECEITA E FIXA DESPESA DO MUNIC\u00cdPIO DE PALMEIRA PARA O EXERC\u00cdCIO DE 2015 E D\u00c1 OUTRAS PROVID\u00caNCIAS"}, {"id": "859", "ano": "2014", "numero": "4038", "tipo__sigla": "PL", "tipo__descricao": "Projeto de Lei", "autoria": "", "texto_original": "http://sapl.palmeira.pr.leg.br/media/./sapl/public/materialegislativa/2014/859/859_texto_integral.pdf", "ementa": "AUTORIZA A ABERTURA DE CR\u00c9DITO ADICIONAL SUPLEMENTAR E D\u00c1 OUTRAS PROVID\u00caNCIAS"}, {"id": "860", "ano": "2014", "numero": "4039", "tipo__sigla": "PL", "tipo__descricao": "Projeto de Lei", "autoria": "", "texto_original": "http://sapl.palmeira.pr.leg.br/media/./sapl/public/materialegislativa/2014/860/860_texto_integral.pdf", "ementa": "AUTORIZA A ABERTURA DE CR\u00c9DITO ADICIONAL SUPLEMENTAR E D\u00c1 OUTRAS PROVID\u00caNCIAS"}, {"id": "861", "ano": "2014", "numero": "4040", "tipo__sigla": "PL", "tipo__descricao": "Projeto de Lei", "autoria": "", "texto_original": "http://sapl.palmeira.pr.leg.br/media/./sapl/public/materialegislativa/2014/861/861_texto_integral.pdf", "ementa": "AUTORIZA A ABERTURA DE CR\u00c9DITO ADICIONAL ESPECIAL E D\u00c1 OUTRAS PROVID\u00caNCIAS"}, {"id": "862", "ano": "2014", "numero": "4041", "tipo__sigla": "PL", "tipo__descricao": "Projeto de Lei", "autoria": "", "texto_original": "http://sapl.palmeira.pr.leg.br/media/./sapl/public/materialegislativa/2014/862/862_texto_integral.pdf", "ementa": "ABRE VAGAS NO SERVI\u00c7O P\u00daBLICO MUNICIPAL E D\u00c1 OUTRAS PROVID\u00caNCIAS"}, {"id": "863", "ano": "2014", "numero": "4042", "tipo__sigla": "PL", "tipo__descricao": "Projeto de Lei", "autoria": "", "texto_original": "http://sapl.palmeira.pr.leg.br/media/./sapl/public/materialegislativa/2014/863/863_texto_integral.pdf", "ementa": "AUTORIZA A ABERTURA DE CR\u00c9DITO ADICIONAL SUPLEMENTAR E D\u00c1 OUTRAS PROVID\u00caNCIAS"}, {"id": "864", "ano": "2014", "numero": "4043", "tipo__sigla": "PL", "tipo__descricao": "Projeto de Lei", "autoria": "", "texto_original": "http://sapl.palmeira.pr.leg.br/media/./sapl/public/materialegislativa/2014/864/864_texto_integral.pdf", "ementa": "AUTORIZA A ABERTURA DE CR\u00c9DITO ADICIONAL ESPECIAL E D\u00c1 OUTRAS PROVID\u00caNCIAS"}, {"id": "865", "ano": "2014", "numero": "4044", "tipo__sigla": "PL", "tipo__descricao": "Projeto de Lei", "autoria": "", "texto_original": "http://sapl.palmeira.pr.leg.br/media/./sapl/public/materialegislativa/2014/865/865_texto_integral.pdf", "ementa": "AUTORIZA A ABERTURA DE CR\u00c9DITO ADICIONAL SUPLEMENTAR E D\u00c1 OUTRAS PROVID\u00caNCIAS"}, {"id": "866", "ano": "2014", "numero": "4045", "tipo__sigla": "PL", "tipo__descricao": "Projeto de Lei", "autoria": "", "texto_original": "http://sapl.palmeira.pr.leg.br/media/./sapl/public/materialegislativa/2014/866/866_texto_integral.pdf", "ementa": "AUTORIZA A ABERTURA DE CR\u00c9DITO ADICIONAL ESPECIAL E D\u00c1 OUTRAS PROVID\u00caNCIAS"}, {"id": "867", "ano": "2014", "numero": "4046", "tipo__sigla": "PL", "tipo__descricao": "Projeto de Lei", "autoria": "", "texto_original": "http://sapl.palmeira.pr.leg.br/media/./sapl/public/materialegislativa/2014/867/867_texto_integral.pdf", "ementa": "ALTERA A REDA\u00c7\u00c3O DO ART. 36 DA LEI 3511, DE 01 DE AGOSTO DE 2013"}, {"id": "868", "ano": "2014", "numero": "4047", "tipo__sigla": "PL", "tipo__descricao": "Projeto de Lei", "autoria": "", "texto_original": "http://sapl.palmeira.pr.leg.br/media/./sapl/public/materialegislativa/2014/868/868_texto_integral.pdf", "ementa": "AUTORIZA A ABERTURA DE CR\u00c9DITO ADICIONAL SUPLEMENTAR E D\u00c1 OUTRAS PROVID\u00caNCIAS"}, {"id": "869", "ano": "2014", "numero": "4048", "tipo__sigla": "PL", "tipo__descricao": "Projeto de Lei", "autoria": "", "texto_original": "http://sapl.palmeira.pr.leg.br/media/./sapl/public/materialegislativa/2014/869/869_texto_integral.pdf", "ementa": "CONCEDE O PR\u00caMIO CIDADE CLIMA DO BRASIL E D\u00c1 OUTRAS PROVID\u00caNCIAS"}, {"id": "870", "ano": "2014", "numero": "4049", "tipo__sigla": "PL", "tipo__descricao": "Projeto de Lei", "autoria": "", "texto_original": "http://sapl.palmeira.pr.leg.br/media/./sapl/public/materialegislativa/2014/870/870_texto_integral.pdf", "ementa": "CONCEDE O PR\u00caMIO CIDADE CLIMA DO BRASIL E D\u00c1 OUTRAS PROVID\u00caNCIAS"}, {"id": "871", "ano": "2014", "numero": "4050", "tipo__sigla": "PL", "tipo__descricao": "Projeto de Lei", "autoria": "", "texto_original": "http://sapl.palmeira.pr.leg.br/media/./sapl/public/materialegislativa/2014/871/871_texto_integral.pdf", "ementa": "CONCECE O PR\u00caMIO CIDADE CLIMA DO BRASIL E D\u00c1 OUTRAS PROVID\u00caNCIAS"}, {"id": "872", "ano": "2014", "numero": "4051", "tipo__sigla": "PL", "tipo__descricao": "Projeto de Lei", "autoria": "", "texto_original": "http://sapl.palmeira.pr.leg.br/media/./sapl/public/materialegislativa/2014/872/872_texto_integral.pdf", "ementa": "CONCEDE O PR\u00caMIO CIDADE CLIMA DO BRASIL E D\u00c1 OUTRAS PROVID\u00caNCIAS"}, {"id": "873", "ano": "2014", "numero": "4052", "tipo__sigla": "PL", "tipo__descricao": "Projeto de Lei", "autoria": "", "texto_original": "http://sapl.palmeira.pr.leg.br/media/./sapl/public/materialegislativa/2014/873/873_texto_integral.pdf", "ementa": "AUTORIZA A ABERTURA DE CR\u00c9DITO ADICIONAL SUPLEMENTAR E D\u00c1 OUTRAS PROVID\u00caNCIAS"}, {"id": "874", "ano": "2014", "numero": "4053", "tipo__sigla": "PL", "tipo__descricao": "Projeto de Lei", "autoria": "", "texto_original": "http://sapl.palmeira.pr.leg.br/media/./sapl/public/materialegislativa/2014/874/874_texto_integral.pdf", "ementa": "AUTORIZA A ABERTURA DE CR\u00c9DITO ADICIONAL SUPLEMENTAR E D\u00c1 OUTRAS PROVID\u00caNCIAS"}, {"id": "875", "ano": "2014", "numero": "4054", "tipo__sigla": "PL", "tipo__descricao": "Projeto de Lei", "autoria": "", "texto_original": "http://sapl.palmeira.pr.leg.br/media/./sapl/public/materialegislativa/2014/875/875_texto_integral.pdf", "ementa": "AUTORIZA A ABERTURA DE CR\u00c9DITO ADICIONAL SUPLEMENTAR E D\u00c1 OUTRAS PROVID\u00caNCIAS"}, {"id": "876", "ano": "2014", "numero": "4055", "tipo__sigla": "PL", "tipo__descricao": "Projeto de Lei", "autoria": "", "texto_original": "http://sapl.palmeira.pr.leg.br/media/./sapl/public/materialegislativa/2014/876/876_texto_integral.pdf", "ementa": "AUTORIZA O PODER EXECUTIVO A PROCEDER \u00c0 CONCESS\u00c3O DE DIREITO REAL DE USO RESOL\u00daVEL DE IM\u00d3VEL URBANO \u00c0 EMPRESA YURI RAMOS BACH - ME, E D\u00c1 OUTRAS PROVID\u00caNCIAS"}, {"id": "877", "ano": "2014", "numero": "4056", "tipo__sigla": "PL", "tipo__descricao": "Projeto de Lei", "autoria": "", "texto_original": "http://sapl.palmeira.pr.leg.br/media/./sapl/public/materialegislativa/2014/877/877_texto_integral.pdf", "ementa": "ALTERA O ANEXO III DA LEI N\u00ba 3701/2014 - LEI DE DIRETRIZES OR\u00c7AMENT\u00c1RIAS PARA O EXERC\u00cdCIO DE 2015 E D\u00c1 OUTRAS PROVID\u00caNCIAS"}, {"id": "878", "ano": "2014", "numero": "4057", "tipo__sigla": "PL", "tipo__descricao": "Projeto de Lei", "autoria": "", "texto_original": "http://sapl.palmeira.pr.leg.br/media/./sapl/public/materialegislativa/2014/878/878_texto_integral.pdf", "ementa": "AUTORIZA A ABERTURA DE CR\u00c9DITO ADICIONAL ESPECIAL E D\u00c1 OUTRAS PROVID\u00caNCIAS"}, {"id": "879", "ano": "2014", "numero": "4058", "tipo__sigla": "PL", "tipo__descricao": "Projeto de Lei", "autoria": "", "texto_original": "http://sapl.palmeira.pr.leg.br/media/./sapl/public/materialegislativa/2014/879/879_texto_integral.pdf", "ementa": "CONCEDE O PR\u00caMIO CIDADE CLIMA DO BRASIL E D\u00c1 OUTRAS PROVID\u00caNCIAS"}, {"id": "880", "ano": "2014", "numero": "4059", "tipo__sigla": "PL", "tipo__descricao": "Projeto de Lei", "autoria": "", "texto_original": "http://sapl.palmeira.pr.leg.br/media/./sapl/public/materialegislativa/2014/880/880_texto_integral.pdf", "ementa": "AUTORIZA A ABERTURA DE CR\u00c9DITO ADICIONAL SUPLEMENTAR E D\u00c1 OUTRAS PROVID\u00caNCIAS"}, {"id": "881", "ano": "2014", "numero": "4060", "tipo__sigla": "PL", "tipo__descricao": "Projeto de Lei", "autoria": "", "texto_original": "http://sapl.palmeira.pr.leg.br/media/./sapl/public/materialegislativa/2014/881/881_texto_integral.pdf", "ementa": "PRO\u00cdBE A CIRCULA\u00c7\u00c3O, A OPERA\u00c7\u00c3O DE CARGA E DESCARGA E O ESTACIONAMENTO DE VE\u00cdCULOS EM VIAS DO BAIRRO ELIAS FARAJALA BACILA E D\u00c1 OUTRAS PROVID\u00caNCIAS"}, {"id": "882", "ano": "2014", "numero": "4061", "tipo__sigla": "PL", "tipo__descricao": "Projeto de Lei", "autoria": "", "texto_original": "http://sapl.palmeira.pr.leg.br/media/./sapl/public/materialegislativa/2014/882/882_texto_integral.pdf", "ementa": "AUTORIZA A ABERTURA DE CR\u00c9DITO ADICIONAL ESPECIAL E D\u00c1 OUTRAS PROVID\u00caNCIAS"}, {"id": "883", "ano": "2014", "numero": "4062", "tipo__sigla": "PL", "tipo__descricao": "Projeto de Lei", "autoria": "", "texto_original": "http://sapl.palmeira.pr.leg.br/media/./sapl/public/materialegislativa/2014/883/883_texto_integral.pdf", "ementa": "CONCEDE O PR\u00caMIO CIDADE CLIMA DO BRASIL E D\u00c1 OUTRAS PROVID\u00caNCIAS"}, {"id": "884", "ano": "2014", "numero": "4063", "tipo__sigla": "PL", "tipo__descricao": "Projeto de Lei", "autoria": "", "texto_original": "http://sapl.palmeira.pr.leg.br/media/./sapl/public/materialegislativa/2014/884/884_texto_integral.pdf", "ementa": "CONCEDE O PR\u00caMIO CIDADE CLIMA DO BRASIL E D\u00c1 OUTRA PROVID\u00caNCIAS"}, {"id": "885", "ano": "2014", "numero": "4064", "tipo__sigla": "PL", "tipo__descricao": "Projeto de Lei", "autoria": "", "texto_original": "http://sapl.palmeira.pr.leg.br/media/./sapl/public/materialegislativa/2014/885/885_texto_integral.pdf", "ementa": "ALTERA O \u00a7 5\u00ba DO ART. 5\u00ba E INCISO VI DO ART. 6\u00ba E INSERE PAR\u00c1GRADO \u00daNICO AO ART. 7\u00ba, TODOS DA LEI 3561 DE 23 DE OUTUBRO DE 2013, LEI QUE INSTITUIU O PROGRAMA PARLAMENTO JOVEM NO \u00c2MBITO DO MUNIC\u00cdPIO DE PALMEIRA, ESTADO DO PARAN\u00c1 E D\u00c1 OUTRAS PROVID\u00caNCIAS"}, {"id": "886", "ano": "2014", "numero": "4065", "tipo__sigla": "PL", "tipo__descricao": "Projeto de Lei", "autoria": "", "texto_original": "http://sapl.palmeira.pr.leg.br/media/./sapl/public/materialegislativa/2014/886/886_texto_integral.pdf", "ementa": "ALTERA E ACRESCENTA DISPOSITIVOS \u00c0 LEI N\u00ba 3688 DE 26 DE JUNHO DE 2014 E D\u00c1 OUTRAS PROVID\u00caNCIAS"}, {"id": "887", "ano": "2014", "numero": "4066", "tipo__sigla": "PL", "tipo__descricao": "Projeto de Lei", "autoria": "", "texto_original": "http://sapl.palmeira.pr.leg.br/media/./sapl/public/materialegislativa/2014/887/887_texto_integral.pdf", "ementa": "AUTORIZA A ABERTURA DE CR\u00c9DITO ADICIONAL SUPLEMENTAR E D\u00c1 OUTRAS PROVID\u00caNCIAS"}, {"id": "888", "ano": "2014", "numero": "4067", "tipo__sigla": "PL", "tipo__descricao": "Projeto de Lei", "autoria": "", "texto_original": "http://sapl.palmeira.pr.leg.br/media/./sapl/public/materialegislativa/2014/888/888_texto_integral.pdf", "ementa": "AUTORIZA O PODER EXECUTIVO MUNICIPAL A CONTRATAR OPERA\u00c7\u00d5ES DE CR\u00c9DITO COM A AG\u00caNCIA DE FOMENTO DO PARAN\u00c1 S/A E D\u00c1 OUTRAS PROVID\u00caNCIAS"}, {"id": "889", "ano": "2014", "numero": "4068", "tipo__sigla": "PL", "tipo__descricao": "Projeto de Lei", "autoria": "", "texto_original": "http://sapl.palmeira.pr.leg.br/media/./sapl/public/materialegislativa/2014/889/889_texto_integral.pdf", "ementa": "AUTORIZA A ABERTURA DE CR\u00c9DITO ADICIONAL SUPLEMENTAR E D\u00c1 OUTRAS PROVID\u00caNCIAS"}, {"id": "890", "ano": "2014", "numero": "4069", "tipo__sigla": "PL", "tipo__descricao": "Projeto de Lei", "autoria": "", "texto_original": "http://sapl.palmeira.pr.leg.br/media/./sapl/public/materialegislativa/2014/890/890_texto_integral.pdf", "ementa": "AUTORIZA A ABERTURA DE CR\u00c9DITO ADICIONAL SUPLEMENTAR E D\u00c1 OUTRAS PROVID\u00caNCIAS"}, {"id": "891", "ano": "2014", "numero": "4070", "tipo__sigla": "PL", "tipo__descricao": "Projeto de Lei", "autoria": "", "texto_original": "http://sapl.palmeira.pr.leg.br/media/./sapl/public/materialegislativa/2014/891/891_texto_integral.pdf", "ementa": "AUTORIZA A ABERTURA DE CR\u00c9DITO ADICIONAL SUPLEMENTAR E D\u00c1 OUTRAS PROVID\u00caNCIAS"}, {"id": "892", "ano": "2014", "numero": "4071", "tipo__sigla": "PL", "tipo__descricao": "Projeto de Lei", "autoria": "", "texto_original": "http://sapl.palmeira.pr.leg.br/media/./sapl/public/materialegislativa/2014/892/892_texto_integral.pdf", "ementa": "AUTORIZA O PODER EXECUTIVO A ADQUIRIR POR MEIO DE DESAPROPRIA\u00c7\u00c3O UMA \u00c1REA E 842,80 M\u00b2, SITUADA NA LOCALIDADE DE GUARAUNINHA E D\u00c1 OUTRAS PROVID\u00caNCIAS"}, {"id": "893", "ano": "2014", "numero": "4072", "tipo__sigla": "PL", "tipo__descricao": "Projeto de Lei", "autoria": "", "texto_original": "http://sapl.palmeira.pr.leg.br/media/./sapl/public/materialegislativa/2014/893/893_texto_integral.pdf", "ementa": "AUTORIZA O PODER EXECUTIVO A ADQUIRIR POR MEIO DE DESAPROPRIA\u00c7\u00c3O UM TERRENO RURAL MATRICULADO SOB N\u00ba 1598, NO CART\u00d3RIO DE REGISTRO DE IM\u00d3VEIS DA COMARCA DE PALMEIRA E D\u00c1 OUTRAS PROVID\u00caNCIAS"}, {"id": "894", "ano": "2014", "numero": "4073", "tipo__sigla": "PL", "tipo__descricao": "Projeto de Lei", "autoria": "", "texto_original": "http://sapl.palmeira.pr.leg.br/media/./sapl/public/materialegislativa/2014/894/894_texto_integral.pdf", "ementa": "DISP\u00d5E SOBRE A CRIA\u00c7\u00c3O DE VAGAS DE ESTACIONAMENTO EXCLUSIVO PARA VE\u00cdCULOS DO TRANSPORTE ESCOLAR, EM FRENTE AS CRECHES E ESCOLAS DE ENSINO FUNDAMENTAL E M\u00c9DIO, E D\u00c1 OUTRAS PROVID\u00caNCIAS"}, {"id": "895", "ano": "2014", "numero": "4074", "tipo__sigla": "PL", "tipo__descricao": "Projeto de Lei", "autoria": "", "texto_original": "http://sapl.palmeira.pr.leg.br/media/./sapl/public/materialegislativa/2014/895/895_texto_integral.pdf", "ementa": "INSTITUI O PROGRAMA MUNICIPAL DE COLETA DE RES\u00cdDUOS S\u00d3LIDOS DERIVADOS DE \u00d3LEO DE VEGETAL OU ANIMAL NO MUNIC\u00cdPIO DE PALMEIRA E D\u00c1 OUTRAS PROVID\u00caNCIAS"}, {"id": "896", "ano": "2014", "numero": "4075", "tipo__sigla": "PL", "tipo__descricao": "Projeto de Lei", "autoria": "", "texto_original": "http://sapl.palmeira.pr.leg.br/media/./sapl/public/materialegislativa/2014/896/896_texto_integral.pdf", "ementa": "AUTORIZA A ABERTURA DE CR\u00c9DITO ADICIONAL SUPLEMENTAR E D\u00c1 OUTRAS PROVID\u00caNCIAS"}, {"id": "897", "ano": "2014", "numero": "4076", "tipo__sigla": "PL", "tipo__descricao": "Projeto de Lei", "autoria": "", "texto_original": "http://sapl.palmeira.pr.leg.br/media/./sapl/public/materialegislativa/2014/897/897_texto_integral.pdf", "ementa": "ALTERA E D\u00c1 NOVA REDA\u00c7\u00c3O AO PAR\u00c1GRADO \u00daNICO DO ARTIGO 12 DA LEI MUNICIPAL N\u00ba 2404/2005, QUE DISP\u00d5E SOBRE O REGIME PR\u00d3PRIO DE PREVID\u00caNCIA SOCIAL"}, {"id": "898", "ano": "2014", "numero": "4077", "tipo__sigla": "PL", "tipo__descricao": "Projeto de Lei", "autoria": "", "texto_original": "http://sapl.palmeira.pr.leg.br/media/./sapl/public/materialegislativa/2014/898/898_texto_integral.pdf", "ementa": "AUTORIZA O MUNIC\u00cdPIO DE PALMEIRA A REAJUSTAR A CONTRIBUI\u00c7\u00c3O PARA CUSTEIO DO SERVI\u00c7O DE ILUMINA\u00c7\u00c3O P\u00daBLICA PREVISTO PELA LEI 2247, DE 30 DE DEZEMBRO DE 2002, E D\u00c1 OUTRAS PROVID\u00caNCIAS "}, {"id": "899", "ano": "2014", "numero": "4078", "tipo__sigla": "PL", "tipo__descricao": "Projeto de Lei", "autoria": "", "texto_original": "http://sapl.palmeira.pr.leg.br/media/./sapl/public/materialegislativa/2014/899/899_texto_integral.pdf", "ementa": "AUTORIZA O PODER EXECUTIVO A CONCEDER OS BENEF\u00cdCIOS DE ISEN\u00c7\u00c3O E REMISS\u00c3O DO IMPOSTO PREDIAL TERRITORIAL URBANO E D\u00c1 OUTRAS PROVID\u00caNCIAS"}, {"id": "900", "ano": "2014", "numero": "4079", "tipo__sigla": "PL", "tipo__descricao": "Projeto de Lei", "autoria": "", "texto_original": "http://sapl.palmeira.pr.leg.br/media/./sapl/public/materialegislativa/2014/900/900_texto_integral.pdf", "ementa": "AUTORIZA O MUNIC\u00cdPIO DE PALMEIRA A REAJUSTAR A TAXA DE COLETA DE LIXO, E D\u00c1 OUTRAS PROVID\u00caNCIAS"}, {"id": "901", "ano": "2014", "numero": "4080", "tipo__sigla": "PL", "tipo__descricao": "Projeto de Lei", "autoria": "", "texto_original": "http://sapl.palmeira.pr.leg.br/media/./sapl/public/materialegislativa/2014/901/901_texto_integral.pdf", "ementa": "AUTORIZA O PODER EXECUTIVO A CONCEDER DESCONTO NO RECOLHIMENTO DO ITBI, ISSQN E TAXAS DE CONSTRU\u00c7\u00c3O, COMO INCENTIVO A REGULARIZA\u00c7\u00c3O DE CADASTROS IMOBILI\u00c1RIOS COM DADOS DIVERGENTES DAQUELES OBTIDOS POR GEOREFERENCIAMENTO E D\u00c1 OUTRAS PROVID\u00caNCIAS"}, {"id": "902", "ano": "2014", "numero": "4081", "tipo__sigla": "PL", "tipo__descricao": "Projeto de Lei", "autoria": "", "texto_original": "http://sapl.palmeira.pr.leg.br/media/./sapl/public/materialegislativa/2014/902/902_texto_integral.pdf", "ementa": "DISP\u00d5E SOBRE A OBRIGATORIEDADE DAS INSTITUI\u00c7\u00d5ES E ORGANIZA\u00c7\u00d5ES BANC\u00c1RIAS INSTALAREM BIOMBOS, TAPUMES OU ESTRUTURAS SIMILARES NOS LOCAIS DE ATENDIMENTO AO P\u00daBLICO NO MUNIC\u00cdPIO DE PALMEIRA, COMO FORMA DE PRESERVAR A SEGURAN\u00c7A DOS CLIENTES"}, {"id": "903", "ano": "2014", "numero": "4082", "tipo__sigla": "PL", "tipo__descricao": "Projeto de Lei", "autoria": "", "texto_original": "http://sapl.palmeira.pr.leg.br/media/./sapl/public/materialegislativa/2014/903/903_texto_integral.pdf", "ementa": "AUTORIZA A ABERTURA DE CR\u00c9DITO ADICIONAL SUPLEMENTAR E D\u00c1 OUTRAS PROVID\u00caNCIAS"}, {"id": "904", "ano": "2014", "numero": "4083", "tipo__sigla": "PL", "tipo__descricao": "Projeto de Lei", "autoria": "", "texto_original": "http://sapl.palmeira.pr.leg.br/media/./sapl/public/materialegislativa/2014/904/904_texto_integral.pdf", "ementa": "AUTORIZA A ABERTURA DE CR\u00c9DITO ADICIONAL ESPECIAL E D\u00c1 OUTRAS PROVID\u00caNCIAS"}, {"id": "905", "ano": "2014", "numero": "4084", "tipo__sigla": "PL", "tipo__descricao": "Projeto de Lei", "autoria": "", "texto_original": "http://sapl.palmeira.pr.leg.br/media/./sapl/public/materialegislativa/2014/905/905_texto_integral.pdf", "ementa": "AUTORIZA A ABERTURA DE CR\u00c9DITO ADICIONAL SUPLEMENTAR E D\u00c1 OUTRAS PROVID\u00caNCIAS"}, {"id": "906", "ano": "2014", "numero": "4085", "tipo__sigla": "PL", "tipo__descricao": "Projeto de Lei", "autoria": "", "texto_original": "http://sapl.palmeira.pr.leg.br/media/./sapl/public/materialegislativa/2014/906/906_texto_integral.pdf", "ementa": "AUTORIZA A ABERTURA DE CR\u00c9DITO ADICIONAL ESPECIAL E D\u00c1 OUTRAS PROVID\u00caNCIAS"}, {"id": "907", "ano": "2014", "numero": "4086", "tipo__sigla": "PL", "tipo__descricao": "Projeto de Lei", "autoria": "", "texto_original": "http://sapl.palmeira.pr.leg.br/media/./sapl/public/materialegislativa/2014/907/907_texto_integral.pdf", "ementa": "AUTORIZA A ABERTURA DE CR\u00c9DITO ADICIONAL ESPECIAL E D\u00c1 OUTRAS PROVID\u00caNCIAS"}, {"id": "908", "ano": "2014", "numero": "4087", "tipo__sigla": "PL", "tipo__descricao": "Projeto de Lei", "autoria": "", "texto_original": "http://sapl.palmeira.pr.leg.br/media/./sapl/public/materialegislativa/2014/908/908_texto_integral.pdf", "ementa": "ALTERA DISPOSITIVOS DA LEI N 3951 DE 13 DE DEZEMBRO DE 2013 E D\u00c1 OUTRAS PROVID\u00caNCIAS"}, {"id": "909", "ano": "2014", "numero": "4088", "tipo__sigla": "PL", "tipo__descricao": "Projeto de Lei", "autoria": "", "texto_original": "http://sapl.palmeira.pr.leg.br/media/./sapl/public/materialegislativa/2014/909/909_texto_integral.pdf", "ementa": "DISP\u00d5E SOBRE A CONTRATA\u00c7\u00c3O DE PESSOAL POR TEMPO DETERMINADO PARA ATENDER A NECESSIDADE TEMPOR\u00c1RIA DE EXCEPCIONAL INTERESSE P\u00daBLICO, NOS TERMOS DO INCISO IX, DO ARTIGO 37 DA CONSTITUI\u00c7\u00c3O FEDERAL E D\u00c1 OUTRAS PROVID\u00caNCIAS"}, {"id": "910", "ano": "2014", "numero": "4089", "tipo__sigla": "PL", "tipo__descricao": "Projeto de Lei", "autoria": "", "texto_original": "http://sapl.palmeira.pr.leg.br/media/./sapl/public/materialegislativa/2014/910/910_texto_integral.pdf", "ementa": "ALTERA A REDA\u00c7\u00c3O DO CAPUT DO ART. 1\u00ba E ACRESCENTA O INCISO IX AO ART. 2\u00ba, AMBOS DA LEI 2281 DE 04 DE AGOSTO DE 2003"}, {"id": "911", "ano": "2014", "numero": "4090", "tipo__sigla": "PL", "tipo__descricao": "Projeto de Lei", "autoria": "", "texto_original": "http://sapl.palmeira.pr.leg.br/media/", "ementa": "AUTORIZA A ABERTURA DE CR\u00c9DITO ADICIONAL SUPLEMENTAR E D\u00c1 OUTRAS PROVID\u00caNCIAS"}, {"id": "912", "ano": "2014", "numero": "4091", "tipo__sigla": "PL", "tipo__descricao": "Projeto de Lei", "autoria": "", "texto_original": "http://sapl.palmeira.pr.leg.br/media/./sapl/public/materialegislativa/2014/912/912_texto_integral.pdf", "ementa": "AUTORIZA A ABERTURA DE CR\u00c9DITO ADICIONAL ESPECIAL E D\u00c1 OUTRAS PROVID\u00caNCIAS"}, {"id": "913", "ano": "2014", "numero": "4092", "tipo__sigla": "PL", "tipo__descricao": "Projeto de Lei", "autoria": "", "texto_original": "http://sapl.palmeira.pr.leg.br/media/./sapl/public/materialegislativa/2014/913/913_texto_integral.pdf", "ementa": "AUTORIZA A ABERTURA DE CR\u00c9DITO ADICIONAL ESPECIAL E D\u00c1 OUTRAS PROVID\u00caNCIAS"}, {"id": "914", "ano": "2014", "numero": "4093", "tipo__sigla": "PL", "tipo__descricao": "Projeto de Lei", "autoria": "", "texto_original": "http://sapl.palmeira.pr.leg.br/media/./sapl/public/materialegislativa/2014/914/914_texto_integral.pdf", "ementa": "INSTITUI A ESCOLA LEGISLATIVA NO \u00c2MBITO DO PODER LEGISLATIVO DO MUNIC\u00cdPIO DE PALMEIRA, ESTADO DO PARAN\u00c1, E D\u00c1 OUTRAS PROVID\u00caNCIAS"}, {"id": "915", "ano": "2014", "numero": "4094", "tipo__sigla": "PL", "tipo__descricao": "Projeto de Lei", "autoria": "", "texto_original": "http://sapl.palmeira.pr.leg.br/media/./sapl/public/materialegislativa/2014/915/915_texto_integral.pdf", "ementa": "AUTORIZA A ABERTURA DE CR\u00c9DITO ADICIONAL SUPLEMENTAR E D\u00c1 OUTRAS PROVID\u00caNCIAS"}, {"id": "916", "ano": "2014", "numero": "4095", "tipo__sigla": "PL", "tipo__descricao": "Projeto de Lei", "autoria": "", "texto_original": "http://sapl.palmeira.pr.leg.br/media/./sapl/public/materialegislativa/2014/916/916_texto_integral.pdf", "ementa": "AUTORIZA A ABERTURA DE CR\u00c9DITO ADICIONAL ESPECIAL E D\u00c1 OUTRAS PROVID\u00caNCIAS"}, {"id": "917", "ano": "2014", "numero": "4096", "tipo__sigla": "PL", "tipo__descricao": "Projeto de Lei", "autoria": "", "texto_original": "http://sapl.palmeira.pr.leg.br/media/./sapl/public/materialegislativa/2014/917/917_texto_integral.pdf", "ementa": "AUTORIZA O PODER EXECUTIVO A CEDER, EM REGIME DE COMODATO, BEM IM\u00d3VEL DE PROPRIEDADE DO MUNIC\u00cdPIO, \u00c0 ASSOCIA\u00c7\u00c3O COMUNIT\u00c1RIA DE MORADORES PROPRIET\u00c1RIOS DE WITMARSUM, E D\u00c1 OUTRAS PROVID\u00caNCIAS"}, {"id": "918", "ano": "2014", "numero": "4097", "tipo__sigla": "PL", "tipo__descricao": "Projeto de Lei", "autoria": "", "texto_original": "http://sapl.palmeira.pr.leg.br/media/./sapl/public/materialegislativa/2014/918/918_texto_integral.pdf", "ementa": "AUTORIZA A ABERTURA DE CR\u00c9DITO ADICIONAL ESPECIAL E D\u00c1 OUTRAS PROVID\u00caNCIAS"}, {"id": "919", "ano": "2014", "numero": "4098", "tipo__sigla": "PL", "tipo__descricao": "Projeto de Lei", "autoria": "", "texto_original": "http://sapl.palmeira.pr.leg.br/media/./sapl/public/materialegislativa/2014/919/919_texto_integral.pdf", "ementa": "AUTORIZA A ABERTURA DE CR\u00c9DITO ADICIONAL SUPLEMENTAR E D\u00c1 OUTRAS PROVID\u00caNCIAS"}, {"id": "920", "ano": "2014", "numero": "4099", "tipo__sigla": "PL", "tipo__descricao": "Projeto de Lei", "autoria": "", "texto_original": "http://sapl.palmeira.pr.leg.br/media/./sapl/public/materialegislativa/2014/920/920_texto_integral.pdf", "ementa": "AUTORIZA A ABERTURA DE CR\u00c9DITO ADICIONAL ESPECIAL E D\u00c1 OUTRAS PROVID\u00caNCIAS"}, {"id": "921", "ano": "2014", "numero": "4100", "tipo__sigla": "PL", "tipo__descricao": "Projeto de Lei", "autoria": "", "texto_original": "http://sapl.palmeira.pr.leg.br/media/./sapl/public/materialegislativa/2014/921/921_texto_integral.pdf", "ementa": "AUTORIZA A ABERTURA DE CR\u00c9DITO ADICIONAL SUPLEMENTAR E D\u00c1 OUTRAS PROVID\u00caNCIAS"}, {"id": "922", "ano": "2014", "numero": "4101", "tipo__sigla": "PL", "tipo__descricao": "Projeto de Lei", "autoria": "", "texto_original": "http://sapl.palmeira.pr.leg.br/media/./sapl/public/materialegislativa/2014/922/922_texto_integral.pdf", "ementa": "AUTORIZA A ABERTURA DE CR\u00c9DITO ADICIONAL ESPECIAL E D\u00c1 OUTRAS PROVID\u00caNCIAS"}, {"id": "923", "ano": "2014", "numero": "4102", "tipo__sigla": "PL", "tipo__descricao": "Projeto de Lei", "autoria": "", "texto_original": "http://sapl.palmeira.pr.leg.br/media/./sapl/public/materialegislativa/2014/923/923_texto_integral.pdf", "ementa": "AUTORIZA A ABERTURA DE CR\u00c9DITO ADICIONAL ESPECIAL E D\u00c1 OUTRAS PROVID\u00caNCIAS"}, {"id": "924", "ano": "2014", "numero": "4103", "tipo__sigla": "PL", "tipo__descricao": "Projeto de Lei", "autoria": "", "texto_original": "http://sapl.palmeira.pr.leg.br/media/./sapl/public/materialegislativa/2014/924/924_texto_integral.pdf", "ementa": "AUTORIZA A ABERTURA DE CR\u00c9DITO ADICIONAL SUPLEMENTAR E D\u00c1 OUTRAS PROVID\u00caNCIAS"}, {"id": "925", "ano": "2014", "numero": "4104", "tipo__sigla": "PL", "tipo__descricao": "Projeto de Lei", "autoria": "", "texto_original": "http://sapl.palmeira.pr.leg.br/media/./sapl/public/materialegislativa/2014/925/925_texto_integral.pdf", "ementa": "CONVALIDA AS DISPOSI\u00c7\u00d5ES CONSTANTES DA LEI N\u00ba 3784 DE 06/11/2014, QUE AUTORIZA A ABERTURA DE CR\u00c9DITO ADICIONAL SUPLEMENTAR E D\u00c1 OUTRAS PROVID\u00caNCIAS"}, {"id": "926", "ano": "2014", "numero": "4105", "tipo__sigla": "PL", "tipo__descricao": "Projeto de Lei", "autoria": "", "texto_original": "http://sapl.palmeira.pr.leg.br/media/./sapl/public/materialegislativa/2014/926/926_texto_integral.pdf", "ementa": "INSTITUI O PROGRAMA MUNICIPAL DE COLETA E DESCARTE DE L\u00c2MAPADAS FLUORESCENTES E D\u00c1 OUTRAS PROVID\u00caNCIAS"}, {"id": "927", "ano": "2014", "numero": "4106", "tipo__sigla": "PL", "tipo__descricao": "Projeto de Lei", "autoria": "", "texto_original": "http://sapl.palmeira.pr.leg.br/media/./sapl/public/materialegislativa/2014/927/927_texto_integral.pdf", "ementa": "AUTORIZA O PODER EXECUTIVO A CELEBRAR CONV\u00caNIO RELATIVO AO REGIME ESPECIAL PARA O RECOLHIMENTO DO IMPOSTO SOBRE SERVI\u00c7OS DE QUALQUER NATUREZA - ISSQN, E D\u00c1 OUTRAS PROVID\u00caNCIAS"}, {"id": "928", "ano": "2014", "numero": "4107", "tipo__sigla": "PL", "tipo__descricao": "Projeto de Lei", "autoria": "", "texto_original": "http://sapl.palmeira.pr.leg.br/media/./sapl/public/materialegislativa/2014/928/928_texto_integral.pdf", "ementa": "AUTORIZA A ABERTURA DE CR\u00c9DITO ADICIONAL SUPLEMENTAR E D\u00c1 OUTRAS PROVID\u00caNCIAS"}, {"id": "929", "ano": "2014", "numero": "4108", "tipo__sigla": "PL", "tipo__descricao": "Projeto de Lei", "autoria": "", "texto_original": "http://sapl.palmeira.pr.leg.br/media/./sapl/public/materialegislativa/2014/929/929_texto_integral.pdf", "ementa": "AUTORIZA A ABERTURA DE CR\u00c9DITO ADICIONAL SUPLEMENTAR E D\u00c1 OUTRAS PROVID\u00caNCIAS"}, {"id": "930", "ano": "2014", "numero": "4109", "tipo__sigla": "PL", "tipo__descricao": "Projeto de Lei", "autoria": "", "texto_original": "http://sapl.palmeira.pr.leg.br/media/./sapl/public/materialegislativa/2014/930/930_texto_integral.pdf", "ementa": "REVOGA LEI MUNICIPAL QUE AUTORIZAVA O PODER EXECUTIVO DO MUNIC\u00cdPIO DE PALMEIRA A DOAR IM\u00d3VEL URBANO \u00c0 EMPRESA VILMAR GUBERT JUNIOR LTDA, E D\u00c1 OUTRAS PROVID\u00caNCIAS"}, {"id": "931", "ano": "2014", "numero": "4110", "tipo__sigla": "PL", "tipo__descricao": "Projeto de Lei", "autoria": "", "texto_original": "http://sapl.palmeira.pr.leg.br/media/./sapl/public/materialegislativa/2014/931/931_texto_integral.pdf", "ementa": "REVOGA LEI MUNICIPAL QUE AUTORIZAVA O PODER EXECUTIVO DO MUNIC\u00cdPIO DE PALMEIRA A CONCEDER IM\u00d3VEL URBANO \u00c0 EMPRESA SERRO COM\u00c9RCIO DE PE\u00c7AS PARA VE\u00cdCULOS LTDA., E D\u00c1 OUTRAS PROVID\u00caNCIAS"}, {"id": "932", "ano": "2014", "numero": "4111", "tipo__sigla": "PL", "tipo__descricao": "Projeto de Lei", "autoria": "", "texto_original": "http://sapl.palmeira.pr.leg.br/media/./sapl/public/materialegislativa/2014/932/932_texto_integral.pdf", "ementa": "REVOGA LEI MUNICIPAL QUE AUTORIZAVA O PODER EXECUTIVO DO MUNIC\u00cdPIO DE PALMEIRA A CONCEDER IM\u00d3VEL URBANO \u00c0 EMPRESA FONTOURA COM\u00c9RCIO DE IMPLEMENTOS RODOVI\u00c1RIOS LTDA, E D\u00c1 OUTRAS PROVID\u00caNCIAS"}, {"id": "933", "ano": "2014", "numero": "4112", "tipo__sigla": "PL", "tipo__descricao": "Projeto de Lei", "autoria": "", "texto_original": "http://sapl.palmeira.pr.leg.br/media/./sapl/public/materialegislativa/2014/933/933_texto_integral.pdf", "ementa": "AUTORIZA A ABERTURA DE CR\u00c9DITO ADICIONAL ESPECIAL E D\u00c1 OUTRAS PROVID\u00caNCIAS"}, {"id": "934", "ano": "2014", "numero": "4113", "tipo__sigla": "PL", "tipo__descricao": "Projeto de Lei", "autoria": "", "texto_original": "http://sapl.palmeira.pr.leg.br/media/./sapl/public/materialegislativa/2014/934/934_texto_integral.pdf", "ementa": "AUTORIZA A ABERTURA DE CR\u00c9DITO ADICIONAL SUPLEMENTAR E D\u00c1 OUTRAS PROVID\u00caNCIAS"}, {"id": "935", "ano": "2014", "numero": "4114", "tipo__sigla": "PL", "tipo__descricao": "Projeto de Lei", "autoria": "", "texto_original": "http://sapl.palmeira.pr.leg.br/media/./sapl/public/materialegislativa/2014/935/935_texto_integral.pdf", "ementa": "AUTORIZA A ABERTURA DE CR\u00c9DITO ADICIONAL ESPECIAL E D\u00c1 OUTRAS PROVID\u00caNCIAS"}, {"id": "936", "ano": "2014", "numero": "4115", "tipo__sigla": "PL", "tipo__descricao": "Projeto de Lei", "autoria": "", "texto_original": "http://sapl.palmeira.pr.leg.br/media/./sapl/public/materialegislativa/2014/936/936_texto_integral.pdf", "ementa": "AUTORIZA A ABERTURA DE CR\u00c9DITO ADICIONAL ESPECIAL E D\u00c1 OUTRAS PROVID\u00caNCIAS"}, {"id": "937", "ano": "2014", "numero": "4116", "tipo__sigla": "PL", "tipo__descricao": "Projeto de Lei", "autoria": "", "texto_original": "http://sapl.palmeira.pr.leg.br/media/./sapl/public/materialegislativa/2014/937/937_texto_integral.pdf", "ementa": "ALTERA A LEI 3600 DE 30 DE ABRIL DE 2014, QUE FIXOU E ALTEROU O VENCIMENTO DE CARGOS DO QUADRO PERMANENTE DA C\u00c2MARA MUNICIPAL DE PALMEIRA"}, {"id": "938", "ano": "2014", "numero": "4117", "tipo__sigla": "PL", "tipo__descricao": "Projeto de Lei", "autoria": "", "texto_original": "http://sapl.palmeira.pr.leg.br/media/./sapl/public/materialegislativa/2014/938/938_texto_integral.pdf", "ementa": "DECLARA DE UTILIDADE P\u00daBLICA A FUNDA\u00c7\u00c3O DE DESENVOLVIMENTO EDUCACIONAL E CULTURAL DO SISTEMA DE CR\u00c9DITO COOPERATIVO FUNDA\u00c7\u00c3O SICREDI E D\u00c1 OUTRAS PROVID\u00caNCIAS"}, {"id": "939", "ano": "2014", "numero": "4118", "tipo__sigla": "PL", "tipo__descricao": "Projeto de Lei", "autoria": "", "texto_original": "http://sapl.palmeira.pr.leg.br/media/./sapl/public/materialegislativa/2014/939/939_texto_integral.pdf", "ementa": "AUTORIZA A ABERTURA DE CR\u00c9DITO ADICIONAL ESPECIAL E D\u00c1 OUTRAS PROVID\u00caNCIAS"}, {"id": "940", "ano": "2014", "numero": "4119", "tipo__sigla": "PL", "tipo__descricao": "Projeto de Lei", "autoria": "", "texto_original": "http://sapl.palmeira.pr.leg.br/media/./sapl/public/materialegislativa/2014/940/940_texto_integral.pdf", "ementa": "AUTORIZA A ABERTURA DE CR\u00c9DITO ADICIONAL ESPECIAL E D\u00c1 OUTRAS PROVID\u00caNCIAS"}, {"id": "941", "ano": "2014", "numero": "4120", "tipo__sigla": "PL", "tipo__descricao": "Projeto de Lei", "autoria": "", "texto_original": "http://sapl.palmeira.pr.leg.br/media/./sapl/public/materialegislativa/2014/941/941_texto_integral.pdf", "ementa": "AUTORIZA A ABERTURA DE CR\u00c9DITO ADICIONAL SUPLEMENTAR E D\u00c1 OUTRAS PROVID\u00caNCIAS"}, {"id": "942", "ano": "2014", "numero": "4121", "tipo__sigla": "PL", "tipo__descricao": "Projeto de Lei", "autoria": "", "texto_original": "http://sapl.palmeira.pr.leg.br/media/./sapl/public/materialegislativa/2014/942/942_texto_integral.pdf", "ementa": "AUTORIZA O INGRESSO DO MUNIC\u00cdPIO DE PALMEIRA NO CONS\u00d3RCIO INTERMUNICIPAL DE DESENVOLVIMENTO REGIONAL CAMINHOS DO TIBAGI, E D\u00c1 OUTRAS PROVID\u00caNCIAS"}, {"id": "943", "ano": "2014", "numero": "4122", "tipo__sigla": "PL", "tipo__descricao": "Projeto de Lei", "autoria": "", "texto_original": "http://sapl.palmeira.pr.leg.br/media/./sapl/public/materialegislativa/2014/943/943_texto_integral.pdf", "ementa": "AUTORIZA O REPARCELAMENTO DE D\u00c9BITOS DO MUNIC\u00cdP\u00cdO DE PALMEIRA DOS QUAIS \u00c9 CREDOR O REGIME PR\u00d3PRIO DE PREVID\u00caNCIA SOCIAL - RPPS"}, {"id": "944", "ano": "2014", "numero": "4123", "tipo__sigla": "PL", "tipo__descricao": "Projeto de Lei", "autoria": "", "texto_original": "http://sapl.palmeira.pr.leg.br/media/./sapl/public/materialegislativa/2014/944/944_texto_integral.pdf", "ementa": "AUTORIZA O EXECUTIVO MUNICIPAL A PROMOVER ALTERA\u00c7\u00d5ES NO TERMO DE CONFISS\u00c3O DE D\u00c9BITOS E ACORDO DE PARCELAMENTO, FIRMADO EM 15 DE MAR\u00c7O DE 2007, ENTRE O MUNIC\u00cdPIO DE PALMEIRA E O INSTITUTO MUNICIPAL DE ASSIST\u00caNCIA \u00c0 SA\u00daDE DE PALMEIRA - IMASP, E D\u00c1 OUTRAS PROVID\u00caNCIAS"}, {"id": "945", "ano": "2014", "numero": "4124", "tipo__sigla": "PL", "tipo__descricao": "Projeto de Lei", "autoria": "", "texto_original": "http://sapl.palmeira.pr.leg.br/media/./sapl/public/materialegislativa/2014/945/945_texto_integral.pdf", "ementa": "AUTORIZA O EXECUTIVO MUNICIPAL A ATUALIZAR A PLANTA GEN\u00c9RICA DE VALORES DOS IM\u00d3VEIS SITUADOS NO QUADRO URBANO E D\u00c1 OUTRAS PROVID\u00caNCIAS"}, {"id": "946", "ano": "2014", "numero": "4125", "tipo__sigla": "PL", "tipo__descricao": "Projeto de Lei", "autoria": "", "texto_original": "http://sapl.palmeira.pr.leg.br/media/./sapl/public/materialegislativa/2014/946/946_texto_integral.pdf", "ementa": "DISP\u00d5E SOBRE REAJUSTE SALARIAL AOS SERVIDORES P\u00daBLICOS EFETIVOS, ATIVOS E INATIVOS, DETENTORES DE EMPREGO P\u00daBLICO E COMISSIONADOS DO MUNIC\u00cdPIO DE PALMEIRA, E D\u00c1 OUTRAS PROVID\u00caNCIAS"}, {"id": "947", "ano": "2014", "numero": "4126", "tipo__sigla": "PL", "tipo__descricao": "Projeto de Lei", "autoria": "", "texto_original": "http://sapl.palmeira.pr.leg.br/media/./sapl/public/materialegislativa/2014/947/947_texto_integral.pdf", "ementa": "ALTERA O ANEXO N\u00ba 01 DA LEI 1967 DE 19 DE MAR\u00c7O DE 1999, E D\u00c1 OUTRAS PROVID\u00caNCIAS"}, {"id": "948", "ano": "2014", "numero": "4127", "tipo__sigla": "PL", "tipo__descricao": "Projeto de Lei", "autoria": "", "texto_original": "http://sapl.palmeira.pr.leg.br/media/./sapl/public/materialegislativa/2014/948/948_texto_integral.pdf", "ementa": "CONVALIDA AS DISPOSI\u00c7\u00d5ES CONSTANTES DA LEI N\u00ba 3783, DE 03/11/2014, QUE AUTORIZA A ABERTURA DE CR\u00c9DITO ADICIONAL ESPECIAL"}, {"id": "949", "ano": "2014", "numero": "4128", "tipo__sigla": "PL", "tipo__descricao": "Projeto de Lei", "autoria": "", "texto_original": "http://sapl.palmeira.pr.leg.br/media/./sapl/public/materialegislativa/2014/949/949_texto_integral.pdf", "ementa": "ABRE VAGAS NO SERVI\u00c7O P\u00daBLICO MUNICIPAL E D\u00c1 OUTRAS PROVID\u00caNCIAS"}, {"id": "950", "ano": "2014", "numero": "4129", "tipo__sigla": "PL", "tipo__descricao": "Projeto de Lei", "autoria": "", "texto_original": "http://sapl.palmeira.pr.leg.br/media/./sapl/public/materialegislativa/2014/950/950_texto_integral.pdf", "ementa": "REVOGA LEI MUNICIPAL QUE AUTORIZAVA O PODER EXECUTIVO DO MUNIC\u00cdPIO DE PALMEIRA A CONCEDER IM\u00d3VEL URBANO \u00c0 EMPRESA RECICLADOS GRANDES LAGOS LTDA. E D\u00c1 OUTRAS PROVID\u00caNCIAS"}, {"id": "951", "ano": "2014", "numero": "4130", "tipo__sigla": "PL", "tipo__descricao": "Projeto de Lei", "autoria": "", "texto_original": "http://sapl.palmeira.pr.leg.br/media/./sapl/public/materialegislativa/2014/951/951_texto_integral.pdf", "ementa": "DISP\u00d5E SOBRE O ESTACIONAMENTO TEMPOR\u00c1RIO E ROTATIVO DE VE\u00cdCULOS AUTOMOTORES DEFRONTE AS FARM\u00c1CIAS E DROGARIAS DO MUNIC\u00cdPIO DE PALMEIRA, PARAN\u00c1"}, {"id": "952", "ano": "2014", "numero": "4131", "tipo__sigla": "PL", "tipo__descricao": "Projeto de Lei", "autoria": "", "texto_original": "http://sapl.palmeira.pr.leg.br/media/./sapl/public/materialegislativa/2014/952/952_texto_integral.pdf", "ementa": "DISP\u00d5E SOBRE A OBRIGATORIEDADE DE INSTALA\u00c7\u00c3O DE BEBEDOUROS COM \u00c1GUA POT\u00c1VEL OU MINERAL NAS CASAS LOT\u00c9RICAS, AG\u00caNCIAS DE CORREIOS, CART\u00d3RIOS E OUTRAS REPARTI\u00c7\u00d5ES P\u00daBLICAS SITUADAS NO MUNIC\u00cdPIO DE PALMEIRA"}, {"id": "773", "ano": "2014", "numero": "4952", "tipo__sigla": "PL", "tipo__descricao": "Projeto de Lei", "autoria": "", "texto_original": "http://sapl.palmeira.pr.leg.br/media/./sapl/public/materialegislativa/2014/773/773_texto_integral.pdf", "ementa": "INSTITUI O PLANO DE INCENTIVO EMPRESARIAL, VISANDO ESTIMULAR A GERA\u00c7\u00c3O DE EMPREGO E RENDA, SUPRIR OS SETORES DEFICIENTES DA CADEIA PRODUTIVA E DE SERVI\u00c7OS NO \u00c2MBITO MUNICIPAL E D\u00c1 OUTRAS PROVID\u00caNCIAS"}, {"id": "803", "ano": "2014", "numero": "4982", "tipo__sigla": "PL", "tipo__descricao": "Projeto de Lei", "autoria": "", "texto_original": "http://sapl.palmeira.pr.leg.br/media/./sapl/public/materialegislativa/2014/803/803_texto_integral.pdf", "ementa": "AUTORIZA A ABERTURA DE CR\u00c9DITO ADICIONAL ESPECIAL E D\u00c1 OUTRAS PROVID\u00caNCIAS"}, {"id": "116", "ano": "2014", "numero": "97", "tipo__sigla": "PRE", "tipo__descricao": "Projeto de Resolu\u00e7\u00e3o", "autoria": "", "texto_original": "http://sapl.palmeira.pr.leg.br/media/./sapl/public/materialegislativa/2014/116/116_texto_integral.pdf", "ementa": "DISP\u00d5E SOBRE A APLICA\u00c7\u00c3O DA LEI N\u00ba 3595, DE 18 DE DEZEMBRO DE 2013, AOS SERVIDORES P\u00daBLICOS DO PODER LEGISLATIVO, REFERENTE AO REAJUSTE SALARIAL."}, {"id": "117", "ano": "2014", "numero": "98", "tipo__sigla": "PRE", "tipo__descricao": "Projeto de Resolu\u00e7\u00e3o", "autoria": "", "texto_original": "http://sapl.palmeira.pr.leg.br/media/./sapl/public/materialegislativa/2014/117/117_texto_integral.pdf", "ementa": "DISP\u00d5E SOBRE A ORGANIZA\u00c7\u00c3O, FUNCIONAMENTO, CRIA\u00c7\u00c3O, TRANSFORMA\u00c7\u00c3O, EXTIN\u00c7\u00c3O E FIXA\u00c7\u00c3O DE REMUNERA\u00c7\u00c3O DOS CARGOS, EMPREGOS E FUN\u00c7\u00d5ES DE SEUS SERVIDORES."}, {"id": "118", "ano": "2014", "numero": "99", "tipo__sigla": "PRE", "tipo__descricao": "Projeto de Resolu\u00e7\u00e3o", "autoria": "", "texto_original": "http://sapl.palmeira.pr.leg.br/media/./sapl/public/materialegislativa/2014/118/118_texto_integral.pdf", "ementa": "ABRE CR\u00c9DITO ADICIONAL SUPLEMENTAR E D\u00c1 OUTRAS PROVID\u00caNCIAS."}, {"id": "119", "ano": "2014", "numero": "100", "tipo__sigla": "PRE", "tipo__descricao": "Projeto de Resolu\u00e7\u00e3o", "autoria": "", "texto_original": "http://sapl.palmeira.pr.leg.br/media/./sapl/public/materialegislativa/2014/119/119_texto_integral.pdf", "ementa": "REVOGA NA \u00cdNTEGRA O ART. 2\u00ba E 3\u00ba DA RESOLU\u00c7\u00c3O N\u00ba 82/2011, TENDO EM VISTA QUE O VALOR DEVER\u00c1 SER FIXADO POR LEI."}, {"id": "120", "ano": "2014", "numero": "101", "tipo__sigla": "PRE", "tipo__descricao": "Projeto de Resolu\u00e7\u00e3o", "autoria": "", "texto_original": "http://sapl.palmeira.pr.leg.br/media/./sapl/public/materialegislativa/2014/120/120_texto_integral.pdf", "ementa": "ABRE CR\u00c9DITO ADICIONAL SUPLEMENTAR E A OUTRAS PROVID\u00caNCIAS."}, {"id": "121", "ano": "2014", "numero": "102", "tipo__sigla": "PRE", "tipo__descricao": "Projeto de Resolu\u00e7\u00e3o", "autoria": "", "texto_original": "http://sapl.palmeira.pr.leg.br/media/./sapl/public/materialegislativa/2014/121/121_texto_integral.pdf", "ementa": "ACRESCENTA A AL\u00cdNEA B AO INCISO II E O \u00a7 10 AO ART. 2\u00ba, BEM COMO INSERE O QUADRO VII AO ANEXO I DA RESOLU\u00c7\u00c3O 97/2014"}, {"id": "122", "ano": "2014", "numero": "103", "tipo__sigla": "PRE", "tipo__descricao": "Projeto de Resolu\u00e7\u00e3o", "autoria": "", "texto_original": "http://sapl.palmeira.pr.leg.br/media/./sapl/public/materialegislativa/2014/122/122_texto_integral.pdf", "ementa": "INSERE O PAR\u00c1GRAFO \u00daNICO AO ART. 2\u00ba DA RESOLU\u00c7\u00c3O N\u00ba 74/2009."}, {"id": "123", "ano": "2014", "numero": "104", "tipo__sigla": "PRE", "tipo__descricao": "Projeto de Resolu\u00e7\u00e3o", "autoria": "", "texto_original": "http://sapl.palmeira.pr.leg.br/media/./sapl/public/materialegislativa/2014/123/123_texto_integral.pdf", "ementa": "ALTERA E ACRESCENTA DISPOSITOVS E O ANEXO I \u00c0 RESOLU\u00c7\u00c3O N\u00ba 97/2014."}, {"id": "124", "ano": "2014", "numero": "105", "tipo__sigla": "PRE", "tipo__descricao": "Projeto de Resolu\u00e7\u00e3o", "autoria": "", "texto_original": "http://sapl.palmeira.pr.leg.br/media/./sapl/public/materialegislativa/2014/124/124_texto_integral.pdf", "ementa": "INSTITUI A ESCOLA DO LEGISLATIVO NO \u00c2MBITO DO PODER LEGISLATIVO DO MUNIC\u00cdPIO DE PALMEIRA, ESTADO DO PARAN\u00c1, E D\u00c1 OUTRAS PROVID\u00caNCIAS."}, {"id": "125", "ano": "2014", "numero": "106", "tipo__sigla": "PRE", "tipo__descricao": "Projeto de Resolu\u00e7\u00e3o", "autoria": "", "texto_original": "http://sapl.palmeira.pr.leg.br/media/./sapl/public/materialegislativa/2014/125/125_texto_integral.pdf", "ementa": "DISP\u00d5E SOBRE A ESTRUTURA ADMINISTRATIVO DA C\u00c2MARA MUNICIPAL DE PALMEIRA E SOBRE O PLANO DE CARGOS E SAL\u00c1RIOS DOS RESPECTIVOS SERVIDORES."}, {"id": "126", "ano": "2014", "numero": "107", "tipo__sigla": "PRE", "tipo__descricao": "Projeto de Resolu\u00e7\u00e3o", "autoria": "", "texto_original": "http://sapl.palmeira.pr.leg.br/media/./sapl/public/materialegislativa/2014/126/126_texto_integral.pdf", "ementa": "DISP\u00d5E SOBRE A APLICA\u00c7\u00c3O DA LEI MUNICIPAL QUE TRATA DO REAJUSTE SALARIAL DOS SERVIDORES P\u00daBLICOS EFETIVOS, ATIVOS E INATIVOS, DETENTORES DE EMPREGO P\u00daBLICO E COMISSIONADOS DO MUNIC\u00cdPIO DE PALMEIRA, PARA O ANO DE 2015 E ATUALIZA O QUADRO I DO ANEXO II DA RESOLU\u00c7\u00c3O N] 104/2014."}, {"id": "127", "ano": "2014", "numero": "108", "tipo__sigla": "PRE", "tipo__descricao": "Projeto de Resolu\u00e7\u00e3o", "autoria": "", "texto_original": "http://sapl.palmeira.pr.leg.br/media/./sapl/public/materialegislativa/2014/127/127_texto_integral.pdf", "ementa": "DIP\u00d5E SOBRE A APLICA\u00c7\u00c3O DA LEI MUNICIPAL AOS AGENTES POL\u00cdTICOS DO PODER LEGISLATIVO, REFERENTE AO REAJUSTE SALARIAL."}]}