{"headers": {"id": "ID", "ano": "Ano", "numero": "N\u00famero", "tipo__sigla": "Tipo de Mat\u00e9ria Legislativa/Sigla", "tipo__descricao": "Tipo de Mat\u00e9ria Legislativa/Descri\u00e7\u00e3o", "autoria": "Autorias", "texto_original": "Texto Original", "ementa": "Ementa"}, "results": [{"id": "152", "ano": "2015", "numero": "633", "tipo__sigla": "PDL", "tipo__descricao": "Projeto de Decreto Legislativo", "autoria": "", "texto_original": "http://sapl.palmeira.pr.leg.br/media/./sapl/public/materialegislativa/2015/152/152_texto_integral.pdf", "ementa": "REFERENDA O TERMO DE CONV\u00caNIO SOB N\u00ba 17/2015 - QUE ENTRE SI CELEBRAM O MUNIC\u00cdPIO DE PALMEIRA, POR INTERM\u00c9DIO DA SECRETARIA DE ASSIST\u00caNCIA SOCIAL, CIDADANIA E DIREITOS HUMANOS E A ASSOCIA\u00c7\u00c3O MENONITA DE ASSIST\u00caNCIA SOCIAL - AMAS."}, {"id": "153", "ano": "2015", "numero": "634", "tipo__sigla": "PDL", "tipo__descricao": "Projeto de Decreto Legislativo", "autoria": "", "texto_original": "http://sapl.palmeira.pr.leg.br/media/./sapl/public/materialegislativa/2015/153/153_texto_integral.pdf", "ementa": "REFERENDA O TERMO DE CONV\u00caNIO SOB N\u00ba 18/2015 - QUE ENTRE SI CELEBRAM O MUNIC\u00cdPIO DE PALMEIRA, POR INTERM\u00c9DIO DA SECRETARIA DE ASSIST\u00caNCIA SOCIAL, CIDADANIA E DIREITOS HUMANOS E A ASSOCIA\u00c7\u00c3O MENONITA DE ASSIST\u00caNCIA SOCIAL - AMAS."}, {"id": "154", "ano": "2015", "numero": "635", "tipo__sigla": "PDL", "tipo__descricao": "Projeto de Decreto Legislativo", "autoria": "", "texto_original": "http://sapl.palmeira.pr.leg.br/media/./sapl/public/materialegislativa/2015/154/154_texto_integral.pdf", "ementa": "REFERENDA O TERMO DE CONV\u00caNIO SOB N\u00ba 19/2015 - QUE ENTRE SI CELEBRAM O MUNIC\u00cdPIO DE PALMEIRA, POR INTERM\u00c9DIO DA SECRETARIA DE ASSIST\u00caNCIA SOCIAL, CIDADANIA E DIREITOS HUMANOS E A ASSOCIA\u00c7\u00c3O MENONITA BENEFICENTE - AMB."}, {"id": "155", "ano": "2015", "numero": "636", "tipo__sigla": "PDL", "tipo__descricao": "Projeto de Decreto Legislativo", "autoria": "", "texto_original": "http://sapl.palmeira.pr.leg.br/media/./sapl/public/materialegislativa/2015/155/155_texto_integral.pdf", "ementa": "REFERENDA O TERMO DE CONV\u00caNIO SOB N\u00ba 20/2015 - QUE ENTRE SI CELEBRAM O MUNIC\u00cdPIO DE PALMEIRA, POR INTERM\u00c9DIO DA SECRETARIA DE ASSIST\u00caNCIA SOCIAL, CIDADANIA E DIREITOS HUMANOS E A ASSOCIA\u00c7\u00c3O MENONITA BENEFICENTE - AMB."}, {"id": "156", "ano": "2015", "numero": "637", "tipo__sigla": "PDL", "tipo__descricao": "Projeto de Decreto Legislativo", "autoria": "", "texto_original": "http://sapl.palmeira.pr.leg.br/media/./sapl/public/materialegislativa/2015/156/156_texto_integral.pdf", "ementa": "REFERENDA O TERMO DE CONV\u00caNIO SOB N\u00ba 21/2015 - QUE ENTRE SI CELEBRAM O MUNIC\u00cdPIO DE PALMEIRA, POR INTERM\u00c9DIO DA SECRETARIA DE ASSIST\u00caNCIA SOCIAL, CIDADANIA E DIREITOS HUMANOS E A ASSOCIA\u00c7\u00c3O MENONITA BENEFICENTE - AMB."}, {"id": "157", "ano": "2015", "numero": "638", "tipo__sigla": "PDL", "tipo__descricao": "Projeto de Decreto Legislativo", "autoria": "", "texto_original": "http://sapl.palmeira.pr.leg.br/media/./sapl/public/materialegislativa/2015/157/157_texto_integral.pdf", "ementa": "REFERENDA O TERMO DE CONV\u00caNIO SOB N\u00ba 22/2015 - QUE ENTRE SI CELEBRAM O MUNIC\u00cdPIO DE PALMEIRA, POR INTERM\u00c9DIO DA SECRETARIA DE ASSIST\u00caNCIA SOCIAL, CIDADANIA E DIREITOS HUMANOS E O LAR ACELINO."}, {"id": "158", "ano": "2015", "numero": "639", "tipo__sigla": "PDL", "tipo__descricao": "Projeto de Decreto Legislativo", "autoria": "", "texto_original": "http://sapl.palmeira.pr.leg.br/media/./sapl/public/materialegislativa/2015/158/158_texto_integral.pdf", "ementa": "REFERENDA O TERMO DE CONV\u00caNIO SOB N\u00ba 23/2015 - QUE ENTRE SI CELEBRAM O MUNIC\u00cdPIO DE PALMEIRA, POR INTERM\u00c9DIO DA SECRETARIA DE ASSIST\u00caNCIA SOCIAL, CIDADANIA E DIREITOS HUMANOS E LAR ACELINO."}, {"id": "159", "ano": "2015", "numero": "640", "tipo__sigla": "PDL", "tipo__descricao": "Projeto de Decreto Legislativo", "autoria": "", "texto_original": "http://sapl.palmeira.pr.leg.br/media/./sapl/public/materialegislativa/2015/159/159_texto_integral.pdf", "ementa": "REFERENDA O TERMO DE CONV\u00caNIO SOB N\u00ba 24/2015 - QUE ENTRE SI CELEBRAM O MUNIC\u00cdPIO DE PALMEIRA, POR INTERM\u00c9DIO DA SECRETARIA DE ASSIST\u00caNCIA SOCIAL, CIDADANIA E DIREITOS HUMANOS E O PROGRAMA VOLUNTARIADO PARANAENSE - PROVOPAR."}, {"id": "169", "ano": "2015", "numero": "641", "tipo__sigla": "PDL", "tipo__descricao": "Projeto de Decreto Legislativo", "autoria": "", "texto_original": "http://sapl.palmeira.pr.leg.br/media/./sapl/public/materialegislativa/2015/169/169_texto_integral.pdf", "ementa": "REFERENDA O TERMO DE CONV\u00caNIO SOB N\u00ba 25/2015 - QUE ENTRE SI CELEBRAM O MUNIC\u00cdPIO DE PALMEIRA, POR INTERM\u00c9DIO DA SECRETARIA DE ASSIST\u00caNCIA SOCIAL, CIDADANIA E DIREITOS HUMANOS E A ASSOCIA\u00c7\u00c3O FAM\u00cdLIA DE MARIA."}, {"id": "170", "ano": "2015", "numero": "642", "tipo__sigla": "PDL", "tipo__descricao": "Projeto de Decreto Legislativo", "autoria": "", "texto_original": "http://sapl.palmeira.pr.leg.br/media/./sapl/public/materialegislativa/2015/170/170_texto_integral.pdf", "ementa": "REFERENDA O TERMO DE CONV\u00caNIO SOB N\u00ba 26/2015 - QUE ENTRE SI CELEBRAM O MUNIC\u00cdPIO DE PALMEIRA, POR INTERM\u00c9DIO DA SECRETARIA DE ASSIST\u00caNCIA SOCIAL, CIDADANIA E DIREITOS HUMANOS E A ASSOCIA\u00c7\u00c3O DE PAIS E AMIGOS DA EDUCA\u00c7\u00c3O ESPECIAL E REABILITA\u00c7\u00c3O DR. JORGE AMIN BACILA - APAER."}, {"id": "171", "ano": "2015", "numero": "643", "tipo__sigla": "PDL", "tipo__descricao": "Projeto de Decreto Legislativo", "autoria": "", "texto_original": "http://sapl.palmeira.pr.leg.br/media/./sapl/public/materialegislativa/2015/171/171_texto_integral.pdf", "ementa": "REFERENDA O TERMO DE CONV\u00caNIO SOB N\u00ba 25/2015 - QUE ENTRE SI CELEBRAM O MUNIC\u00cdPIO DE PALMEIRA, POR INTERM\u00c9DIO DA SECRETARIA DE ASSIST\u00caNCIA SOCIAL, CIDADANIA E DIREITOS HUMANOS E A ASSOCIA\u00c7\u00c3O DE PAIS E AMIGOS DOS EXCEPCIONAIS DE PALMEIRA."}, {"id": "172", "ano": "2015", "numero": "644", "tipo__sigla": "PDL", "tipo__descricao": "Projeto de Decreto Legislativo", "autoria": "", "texto_original": "http://sapl.palmeira.pr.leg.br/media/./sapl/public/materialegislativa/2015/172/172_texto_integral.pdf", "ementa": "REFERENDA O TERMO DE CONV\u00caNIO SOB N\u00ba 28/2015 - QUE ENTRE SI CELEBRAM O MUNIC\u00cdPIO DE PALMEIRA, POR INTERM\u00c9DIO DA SECRETARIA DE ASSIST\u00caNCIA SOCIAL, CIDADANIA E DIREITOS HUMANOS E A ASSOCIA\u00c7\u00c3O DE PAIS E AMIGOS DOS EXCEPCIONAIS DE PALMEIRA."}, {"id": "173", "ano": "2015", "numero": "645", "tipo__sigla": "PDL", "tipo__descricao": "Projeto de Decreto Legislativo", "autoria": "", "texto_original": "http://sapl.palmeira.pr.leg.br/media/./sapl/public/materialegislativa/2015/173/173_texto_integral.pdf", "ementa": "REFERENDA O TERMO DE CONV\u00caNIO SOB N\u00ba 29/2015 - QUE ENTRE SI CELEBRAM O MUNIC\u00cdPIO DE PALMEIRA, POR INTERM\u00c9DIO DA SECRETARIA DE ASSIST\u00caNCIA SOCIAL, CIDADANIA E DIREITOS HUMANOS E A ASSOCIA\u00c7\u00c3O PROJETO RENASCER."}, {"id": "174", "ano": "2015", "numero": "646", "tipo__sigla": "PDL", "tipo__descricao": "Projeto de Decreto Legislativo", "autoria": "", "texto_original": "http://sapl.palmeira.pr.leg.br/media/./sapl/public/materialegislativa/2015/174/174_texto_integral.pdf", "ementa": "REFERENDA O TERMO DE CONV\u00caNIO SOB N\u00ba30/2015 - QUE ENTRE SI CELEBRAM O MUNIC\u00cdPIO DE PALMEIRA, POR INTERM\u00c9DIO DA SECRETARIA DE ASSIST\u00caNCIA SOCIAL, CIDADANIA E DIREITOS HUMANOS E A VILA VICENTINA FREDERICO OZANAM."}, {"id": "175", "ano": "2015", "numero": "647", "tipo__sigla": "PDL", "tipo__descricao": "Projeto de Decreto Legislativo", "autoria": "", "texto_original": "http://sapl.palmeira.pr.leg.br/media/./sapl/public/materialegislativa/2015/175/175_texto_integral.pdf", "ementa": "REFERENDA O TERMO DE CONV\u00caNIO SOB N\u00ba 31/2015 - QUE ENTRE SI CELEBRAM O MUNIC\u00cdPIO DE PALMEIRA E A FUNDA\u00c7\u00c3O SICREDI."}, {"id": "176", "ano": "2015", "numero": "648", "tipo__sigla": "PDL", "tipo__descricao": "Projeto de Decreto Legislativo", "autoria": "", "texto_original": "http://sapl.palmeira.pr.leg.br/media/./sapl/public/materialegislativa/2015/176/176_texto_integral.pdf", "ementa": "DESAPROVA A PRESTA\u00c7\u00c3O DE CONTAS DO MUNIC\u00cdPIO DE PALMEIRA, RELATIVAS AO EXERC\u00cdCIO DE 2007 E D\u00c1 OUTRAS PROVID\u00caNCIAS."}, {"id": "177", "ano": "2015", "numero": "649", "tipo__sigla": "PDL", "tipo__descricao": "Projeto de Decreto Legislativo", "autoria": "", "texto_original": "http://sapl.palmeira.pr.leg.br/media/./sapl/public/materialegislativa/2015/177/177_texto_integral.pdf", "ementa": "REFERENDA O CONV\u00caNIO SOB N\u00ba 32/2015 - QUE ENTRE SI CELEBRAM O MUNIC\u00cdPIO DE PALMEIRA E O HOSPITAL DE CARIDADE DE PALMEIRA."}, {"id": "178", "ano": "2015", "numero": "650", "tipo__sigla": "PDL", "tipo__descricao": "Projeto de Decreto Legislativo", "autoria": "", "texto_original": "http://sapl.palmeira.pr.leg.br/media/./sapl/public/materialegislativa/2015/178/178_texto_integral.pdf", "ementa": "REFERENDA O CONV\u00caNIO SOB N\u00ba 32/2015 - QUE ENTRE SI CELEBRAM O MUNIC\u00cdPIO DE PALMEIRA E A ASSOCIA\u00c7\u00c3O COMUNIT\u00c1RIA DOS MORADORES PROPRIET\u00c1RIOS DE WITMARSUM."}, {"id": "179", "ano": "2015", "numero": "651", "tipo__sigla": "PDL", "tipo__descricao": "Projeto de Decreto Legislativo", "autoria": "", "texto_original": "http://sapl.palmeira.pr.leg.br/media/./sapl/public/materialegislativa/2015/179/179_texto_integral.pdf", "ementa": "REFERENDA O CONV\u00caNIO SOB N\u00ba 32/2015 - QUE ENTRE SI CELEBRAM O MUNIC\u00cdPIO DE PALMEIRA E A ASSOCIA\u00c7\u00c3O CASA DA VIDEIRA."}, {"id": "180", "ano": "2015", "numero": "652", "tipo__sigla": "PDL", "tipo__descricao": "Projeto de Decreto Legislativo", "autoria": "", "texto_original": "http://sapl.palmeira.pr.leg.br/media/./sapl/public/materialegislativa/2015/180/180_texto_integral.pdf", "ementa": "DESAPROVA A PRESTA\u00c7\u00c3O DE CONTAS DO MUNIC\u00cdPIO DE PALMEIRA, RELATIVAS AO EXERC\u00cdCIO DE 2012, E D\u00c1 OUTRAS PROVID\u00caNCIAS."}, {"id": "181", "ano": "2015", "numero": "653", "tipo__sigla": "PDL", "tipo__descricao": "Projeto de Decreto Legislativo", "autoria": "", "texto_original": "http://sapl.palmeira.pr.leg.br/media/./sapl/public/materialegislativa/2015/181/181_texto_integral.pdf", "ementa": "REFERENDA O ADITIVO N\u00ba 01 AO TERMO DE CONV\u00caNIO N\u00ba 20/2015, QUE ENTRE SI CELEBRAM O MUNIC\u00cdPIO DE PALMEIRA E A ASSOCIA\u00c7\u00c3O MENONITA BENEFICENTE - AMB."}, {"id": "182", "ano": "2015", "numero": "654", "tipo__sigla": "PDL", "tipo__descricao": "Projeto de Decreto Legislativo", "autoria": "", "texto_original": "http://sapl.palmeira.pr.leg.br/media/./sapl/public/materialegislativa/2015/182/182_texto_integral.pdf", "ementa": "REFERENDA O ADITIVO N\u00ba 02 AO TERMO DE CONV\u00caNIO N\u00ba 20/2015, QUE ENTRE SI CELEBRAM O MUNIC\u00cdPIO DE PALMEIRA E A ASSOCIA\u00c7\u00c3O MENONITA BENEFICENTE - AMB."}, {"id": "183", "ano": "2015", "numero": "655", "tipo__sigla": "PDL", "tipo__descricao": "Projeto de Decreto Legislativo", "autoria": "", "texto_original": "http://sapl.palmeira.pr.leg.br/media/./sapl/public/materialegislativa/2015/183/183_texto_integral.pdf", "ementa": "REFERENDA O ADITIVO N\u00ba 01 AO TERMO DE CONV\u00caNIO N\u00ba 18/2015, QUE ENTRE SI CELEBRAM O MUNIC\u00cdPIO DE PALMEIRA E A ASSOCIA\u00c7\u00c3O MENONITA DE ASSIT\u00caNCIA SOCIAL - AMAS."}, {"id": "184", "ano": "2015", "numero": "656", "tipo__sigla": "PDL", "tipo__descricao": "Projeto de Decreto Legislativo", "autoria": "", "texto_original": "http://sapl.palmeira.pr.leg.br/media/./sapl/public/materialegislativa/2015/184/184_texto_integral.pdf", "ementa": "REFERENDA O ADITIVO N\u00ba 02, AO TERMO DE PARCERIA N\u00ba 31/2015, QUE ENTRE SI CELEBRAM O MUNIC\u00cdPIO DE PALMEIRA E A FUND\u00c3\u00c7\u00c3O DE DESENVOLVIMENTO EDUCACIONAL E CULTURAL DO SISTEMA DE CR\u00c9DITO COOPERATIVO - FUNDA\u00c7\u00c3O SICREDI."}, {"id": "185", "ano": "2015", "numero": "657", "tipo__sigla": "PDL", "tipo__descricao": "Projeto de Decreto Legislativo", "autoria": "", "texto_original": "http://sapl.palmeira.pr.leg.br/media/./sapl/public/materialegislativa/2015/185/185_texto_integral.pdf", "ementa": "REFERENDA O ADITIVO N\u00ba 01 AO TERMO DE CONV\u00caNIO N\u00ba 22/2015, QUE ENTRE SI CELEBRAM O MUNIC\u00cdPIO DE PALMEIRA E O LAR ACELINO."}, {"id": "186", "ano": "2015", "numero": "658", "tipo__sigla": "PDL", "tipo__descricao": "Projeto de Decreto Legislativo", "autoria": "", "texto_original": "http://sapl.palmeira.pr.leg.br/media/./sapl/public/materialegislativa/2015/186/186_texto_integral.pdf", "ementa": "REFERENDA O ADITIVO N\u00ba 01 AO TERMO DE CONV\u00caNIO N\u00ba 23/2015, QUE ENTRE SI CELEBRAM O MUNIC\u00cdPIO DE PALMEIRA E O LAR ACELINO."}, {"id": "187", "ano": "2015", "numero": "659", "tipo__sigla": "PDL", "tipo__descricao": "Projeto de Decreto Legislativo", "autoria": "", "texto_original": "http://sapl.palmeira.pr.leg.br/media/./sapl/public/materialegislativa/2015/187/187_texto_integral.pdf", "ementa": "REFERENDA O ADITIVO N\u00ba 01 AO TERMO DE CONV\u00caNIO N\u00ba 27/2015, QUE ENTRE SI CELEBRAM O MUNIC\u00cdPIO DE PALMEIRA E A ASSOCIA\u00c7\u00c3O DE PAIS E AMIGOS DOS EXCEPCIONAIS DE PALMEIRA - APAE."}, {"id": "188", "ano": "2015", "numero": "660", "tipo__sigla": "PDL", "tipo__descricao": "Projeto de Decreto Legislativo", "autoria": "", "texto_original": "http://sapl.palmeira.pr.leg.br/media/./sapl/public/materialegislativa/2015/188/188_texto_integral.pdf", "ementa": "REFERENDA O ADITIVO N\u00ba 01 AO TERMO DE CONV\u00caNIO N\u00ba 28/2015, QUE ENTRE SI CELEBRAM O MUNIC\u00cdPIO DE PALMEIRA E A ASSOCIA\u00c7\u00c3O DE PAIS E AMIGOS DOS EXCEPECIONAIS DE PALMEIRA - APAE."}, {"id": "189", "ano": "2015", "numero": "661", "tipo__sigla": "PDL", "tipo__descricao": "Projeto de Decreto Legislativo", "autoria": "", "texto_original": "http://sapl.palmeira.pr.leg.br/media/./sapl/public/materialegislativa/2015/189/189_texto_integral.pdf", "ementa": "REFERENDA O ADITIVO N\u00ba 01 AO TERMO DE CONV\u00caNIO N\u00ba 30/2015, QUE ENTRE SI CELEBRAM O MUNIC\u00cdPIO DE PALMEIRA E A VILA VICENTINA FREDERICO OZARAM."}, {"id": "190", "ano": "2015", "numero": "662", "tipo__sigla": "PDL", "tipo__descricao": "Projeto de Decreto Legislativo", "autoria": "", "texto_original": "http://sapl.palmeira.pr.leg.br/media/./sapl/public/materialegislativa/2015/190/190_texto_integral.pdf", "ementa": "REFERENDA O TERMO DE CONV\u00caNIO N\u00ba 36/2015, QUE ENTRE SI CELEBRAM O MUNIC\u00cdPIO DE PALMEIRA, POR INTERM\u00c9DIO DA SECRETARIA DE ASSIST\u00caNCIA SOCIAL, CIDADANIA E DIREITOS HUMANOS E A ASSOCIA\u00c7\u00c3O DE PAIS E AMIGOS DOS EXCEPCIONAIS DE PALMEIRA - APAE."}, {"id": "191", "ano": "2015", "numero": "663", "tipo__sigla": "PDL", "tipo__descricao": "Projeto de Decreto Legislativo", "autoria": "", "texto_original": "http://sapl.palmeira.pr.leg.br/media/./sapl/public/materialegislativa/2015/191/191_texto_integral.pdf", "ementa": "DISP\u00d5E SOBRE A PROGRAMA\u00c7\u00c3O FINANCEIRA E O CRONOGRAMA MENSAL DE DESEMBOLSO PARA O EXERC\u00cdCIO FINANCEIRO DE 2016 DO PODER LEGISLATIVO MUNICIPAL E D\u00c1 OUTRAS PROVID\u00caNCIAS."}, {"id": "192", "ano": "2015", "numero": "664", "tipo__sigla": "PDL", "tipo__descricao": "Projeto de Decreto Legislativo", "autoria": "", "texto_original": "http://sapl.palmeira.pr.leg.br/media/./sapl/public/materialegislativa/2015/192/192_texto_integral.pdf", "ementa": "REFERENDA O TERMO DE CONV\u00caNIO N\u00ba 38/2015, QUE ENTRE SI CELEBRAM O MUNIC\u00cdPIO DE PALMEIRA, POR INTERM\u00c9DIO DA SECRETARIA DE ASSIST\u00caNCIA SOCIAL, CIDADANIA E DIREITOS HUMANOS E A ASSOCIA\u00c7\u00c3O MENONITA DE ASSIT\u00caNCIA SOCIAL."}, {"id": "193", "ano": "2015", "numero": "665", "tipo__sigla": "PDL", "tipo__descricao": "Projeto de Decreto Legislativo", "autoria": "", "texto_original": "http://sapl.palmeira.pr.leg.br/media/./sapl/public/materialegislativa/2015/193/193_texto_integral.pdf", "ementa": "REFERENDA O TERMO DE CONV\u00caNIO N\u00ba 39/2015, QUE ENTRE SI CELEBRAM O MUNIC\u00cdPIO DE PALMEIRA, POR INTERM\u00c9DIO DA SECRETARIA DE ASSIST\u00caNCIA SOCIAL, CIDADANIA E DIREITOS HUMANOS E A ASSOCIA\u00c7\u00c3O PROJETO RENASCER."}, {"id": "194", "ano": "2015", "numero": "666", "tipo__sigla": "PDL", "tipo__descricao": "Projeto de Decreto Legislativo", "autoria": "", "texto_original": "http://sapl.palmeira.pr.leg.br/media/./sapl/public/materialegislativa/2015/194/194_texto_integral.pdf", "ementa": "REFERENDA O TERMO DE CONV\u00caNIO N\u00ba 40/2015, QUE ENTRE SI CELEBRAM O MUNIC\u00cdPIO DE PALMEIRA, POR INTERM\u00c9DIO DA SECRETARIA DE ASSIST\u00caNCIA SOCIAL, CIDADANIA E DIREITOS HUMANOS E A ASSOCIA\u00c7\u00c3O MENONITA BENEFICENTE."}, {"id": "195", "ano": "2015", "numero": "667", "tipo__sigla": "PDL", "tipo__descricao": "Projeto de Decreto Legislativo", "autoria": "", "texto_original": "http://sapl.palmeira.pr.leg.br/media/./sapl/public/materialegislativa/2015/195/195_texto_integral.pdf", "ementa": "REFERENDA O TERMO DE CONV\u00caNIO N\u00ba 41/2015, QUE ENTRE SI CELEBRAM O MUNIC\u00cdPIO DE PALMEIRA, POR INTERM\u00c9DIO DA SECRETARIA DE ASSIST\u00caNCIA SOCIAL, CIDADANIA E DIREITOS HUMANOS E A ASSOCIA\u00c7\u00c3O MENONITA BENEFICENTE."}, {"id": "196", "ano": "2015", "numero": "668", "tipo__sigla": "PDL", "tipo__descricao": "Projeto de Decreto Legislativo", "autoria": "", "texto_original": "http://sapl.palmeira.pr.leg.br/media/./sapl/public/materialegislativa/2015/196/196_texto_integral.pdf", "ementa": "REFERENDA O TERMO DE PARCERIA SOB N\u00ba 42/2015 - QUE ENTRE SI CELEBRAM O MUNIC\u00cdPIO DE PALMEIRA E A FUNDA\u00c7\u00c3O SICREDI."}, {"id": "197", "ano": "2015", "numero": "669", "tipo__sigla": "PDL", "tipo__descricao": "Projeto de Decreto Legislativo", "autoria": "", "texto_original": "http://sapl.palmeira.pr.leg.br/media/./sapl/public/materialegislativa/2015/197/197_texto_integral.pdf", "ementa": "REFERENDA O TERMO DE CONV\u00caNIO SOB N\u00ba 43/2015 - QUE ENTRE SI CELEBRAM O MUNIC\u00cdPIO DE PALMEIRA E O HOSPITAL DE CARIDADE DE PALMEIRA."}, {"id": "198", "ano": "2015", "numero": "670", "tipo__sigla": "PDL", "tipo__descricao": "Projeto de Decreto Legislativo", "autoria": "", "texto_original": "http://sapl.palmeira.pr.leg.br/media/./sapl/public/materialegislativa/2015/198/198_texto_integral.pdf", "ementa": "REFERENDA O TERMO DE CONV\u00caNIO SOB N\u00ba 44/2015 - QUE ENTRE SI CELEBRAM O MUNIC\u00cdPIO DE PALMEIRA E O HOSPITAL DE CARIDADE DE PALMEIRA."}, {"id": "251", "ano": "2015", "numero": "21", "tipo__sigla": "PELOM", "tipo__descricao": "Projeto de Emenda \u00e0 Lei Org\u00e2nica Municipal", "autoria": "", "texto_original": "http://sapl.palmeira.pr.leg.br/media/./sapl/public/materialegislativa/2015/251/251_texto_integral.pdf", "ementa": "ALTERA DISPOSITIVOS DA LEI ORG\u00c2NICA DO MUNIC\u00cdPIO DE PALMEIRA."}, {"id": "521", "ano": "2015", "numero": "2015", "tipo__sigla": "PL", "tipo__descricao": "Projeto de Lei", "autoria": "", "texto_original": "http://sapl.palmeira.pr.leg.br/media/./sapl/public/materialegislativa/2015/521/521_texto_integral.pdf", "ementa": "AUTORIZA A ABERTURA DE CR\u00c9DITO ADICIONAL ESPECIAL E D\u00c1 OUTRAS PROVID\u00caNCIAS."}, {"id": "487", "ano": "2015", "numero": "4132", "tipo__sigla": "PL", "tipo__descricao": "Projeto de Lei", "autoria": "", "texto_original": "http://sapl.palmeira.pr.leg.br/media/./sapl/public/materialegislativa/2015/487/487_texto_integral.pdf", "ementa": "AUTORIZA O PODER EXECUTIVO CEDER SOB A FORMA DE COMODATO UMA PARTE DA \u00c1REA F\u00cdSICA DO CENTRO DE EVENTOS E D\u00c1 OUTRAS PROVID\u00caNCIAS."}, {"id": "488", "ano": "2015", "numero": "4133", "tipo__sigla": "PL", "tipo__descricao": "Projeto de Lei", "autoria": "", "texto_original": "http://sapl.palmeira.pr.leg.br/media/./sapl/public/materialegislativa/2015/488/488_texto_integral.pdf", "ementa": "AUTORIZA O PODER EXECUTIVO A PERMUTAR IM\u00d3VEIS DE PROPRIEDADE DO MUNIC\u00cdPIO DE PALMEIRA E D\u00c1 OUTRAS PROVID\u00caNCIAS."}, {"id": "489", "ano": "2015", "numero": "4134", "tipo__sigla": "PL", "tipo__descricao": "Projeto de Lei", "autoria": "", "texto_original": "http://sapl.palmeira.pr.leg.br/media/./sapl/public/materialegislativa/2015/489/489_texto_integral.pdf", "ementa": "CRIA O CONSELHO MUNICIPAL DE POL\u00cdTICAS SOBRE DROGAS E D\u00c1 OUTRAS PROVID\u00caNCIAS."}, {"id": "490", "ano": "2015", "numero": "4135", "tipo__sigla": "PL", "tipo__descricao": "Projeto de Lei", "autoria": "", "texto_original": "http://sapl.palmeira.pr.leg.br/media/./sapl/public/materialegislativa/2015/490/490_texto_integral.pdf", "ementa": "AUTORIZA O PODER EXECUTIVO A CEDER, SOB REGIME DE COMODATO, BEM IM\u00d3VEL DE PROPRIEDADE DO MUNIC\u00cdPIO \u00c0 ASSOCIA\u00c7\u00c3O COMUNIT\u00c1RIA DE MORADORES PROPRIET\u00c1RIOS DE WITMARSUM E D\u00c1 OUTRAS PROVID\u00caNCIAS."}, {"id": "491", "ano": "2015", "numero": "4136", "tipo__sigla": "PL", "tipo__descricao": "Projeto de Lei", "autoria": "", "texto_original": "http://sapl.palmeira.pr.leg.br/media/./sapl/public/materialegislativa/2015/491/491_texto_integral.pdf", "ementa": "AUTORIZA O PODER EXECUTIVO A PROCEDER \u00c1 CONCESS\u00c3O DE DIREITO REAL DE USO RESOL\u00daVEL DE IM\u00d3VEL URBANO \u00c0 EMPRESA SZEKUT & SZEKUT LTDA. - ME E D\u00c1 OUTRAS PROVID\u00caNCIAS."}, {"id": "492", "ano": "2015", "numero": "4137", "tipo__sigla": "PL", "tipo__descricao": "Projeto de Lei", "autoria": "", "texto_original": "http://sapl.palmeira.pr.leg.br/media/./sapl/public/materialegislativa/2015/492/492_texto_integral.pdf", "ementa": "AUTORIZA A ABERTURA DE CR\u00c9DITO ADICIONAL SUPLEMENTAR E D\u00c1 OUTRAS PROVID\u00caNCIAS."}, {"id": "493", "ano": "2015", "numero": "4138", "tipo__sigla": "PL", "tipo__descricao": "Projeto de Lei", "autoria": "", "texto_original": "http://sapl.palmeira.pr.leg.br/media/./sapl/public/materialegislativa/2015/493/493_texto_integral.pdf", "ementa": "AUTORIZA A ABERTURA DE CR\u00c9DITO ADICIONAL SUPLEMENTAR E D\u00c1 OUTRAS PROVID\u00caNCIAS."}, {"id": "494", "ano": "2015", "numero": "4139", "tipo__sigla": "PL", "tipo__descricao": "Projeto de Lei", "autoria": "", "texto_original": "http://sapl.palmeira.pr.leg.br/media/./sapl/public/materialegislativa/2015/494/494_texto_integral.pdf", "ementa": "AUTORIZA A ABERTURA DE CR\u00c9DITO ADICIONAL SUPLEMENTAR E D\u00c1 OUTRAS PROVID\u00caNCIAS."}, {"id": "495", "ano": "2015", "numero": "4140", "tipo__sigla": "PL", "tipo__descricao": "Projeto de Lei", "autoria": "", "texto_original": "http://sapl.palmeira.pr.leg.br/media/./sapl/public/materialegislativa/2015/495/495_texto_integral.pdf", "ementa": "AUTORIZA A ABERTURA DE CR\u00c9DITO ADICIONAL SUPLEMENTAR E D\u00c1 OUTRAS PROVID\u00caNCIAS."}, {"id": "496", "ano": "2015", "numero": "4141", "tipo__sigla": "PL", "tipo__descricao": "Projeto de Lei", "autoria": "", "texto_original": "http://sapl.palmeira.pr.leg.br/media/./sapl/public/materialegislativa/2015/496/496_texto_integral.pdf", "ementa": "AUTORIZA A ABERTURA DE CR\u00c9DITO ADICIONAL SUPLEMENTAR E D\u00c1 OUTRAS PROVID\u00caNCIAS."}, {"id": "497", "ano": "2015", "numero": "4142", "tipo__sigla": "PL", "tipo__descricao": "Projeto de Lei", "autoria": "", "texto_original": "http://sapl.palmeira.pr.leg.br/media/./sapl/public/materialegislativa/2015/497/497_texto_integral.pdf", "ementa": "AUTORIZA A ABERTURA DE CR\u00c9DITO ADICIONAL SUPLEMENTAR E D\u00c1 OUTRAS PROVID\u00caNCIAS."}, {"id": "498", "ano": "2015", "numero": "4143", "tipo__sigla": "PL", "tipo__descricao": "Projeto de Lei", "autoria": "", "texto_original": "http://sapl.palmeira.pr.leg.br/media/./sapl/public/materialegislativa/2015/498/498_texto_integral.pdf", "ementa": "AUTORIZA A ABERTURA DE CR\u00c9DITO ADICIONAL SUPLEMENTAR E D\u00c1 OUTRAS PROVID\u00caNCIAS."}, {"id": "499", "ano": "2015", "numero": "4144", "tipo__sigla": "PL", "tipo__descricao": "Projeto de Lei", "autoria": "", "texto_original": "http://sapl.palmeira.pr.leg.br/media/./sapl/public/materialegislativa/2015/499/499_texto_integral.pdf", "ementa": "AUTORIZA A ABERTURA DE CR\u00c9DITO ADICIONAL ESPECIAL E D\u00c1 OUTRAS PROVID\u00caNCIAS."}, {"id": "500", "ano": "2015", "numero": "4145", "tipo__sigla": "PL", "tipo__descricao": "Projeto de Lei", "autoria": "", "texto_original": "http://sapl.palmeira.pr.leg.br/media/./sapl/public/materialegislativa/2015/500/500_texto_integral.pdf", "ementa": "AUTORIZA A ABERTURA DE CR\u00c9DITO ADICIONAL SUPLEMENTAR E D\u00c1 OUTRAS PROVID\u00caNCIAS."}, {"id": "501", "ano": "2015", "numero": "4146", "tipo__sigla": "PL", "tipo__descricao": "Projeto de Lei", "autoria": "", "texto_original": "http://sapl.palmeira.pr.leg.br/media/./sapl/public/materialegislativa/2015/501/501_texto_integral.pdf", "ementa": "AUTORIZA A ABERTURA DE CR\u00c9DITO ADICIONAL ESPECIAL E D\u00c1 OUTRAS PROVID\u00caNCIAS."}, {"id": "502", "ano": "2015", "numero": "4147", "tipo__sigla": "PL", "tipo__descricao": "Projeto de Lei", "autoria": "", "texto_original": "http://sapl.palmeira.pr.leg.br/media/./sapl/public/materialegislativa/2015/502/502_texto_integral.pdf", "ementa": "AUTORIZA A ABERTURA DE CR\u00c9DITO ADICIONAL ESPECIAL E D\u00c1 OUTRAS PROVID\u00caNCIAS."}, {"id": "503", "ano": "2015", "numero": "4148", "tipo__sigla": "PL", "tipo__descricao": "Projeto de Lei", "autoria": "", "texto_original": "http://sapl.palmeira.pr.leg.br/media/./sapl/public/materialegislativa/2015/503/503_texto_integral.pdf", "ementa": "DISCIPLINA O HOR\u00c1RIO DE FUNCIONAMENTO E INSTITUI O SERVI\u00c7O DE PLANT\u00c3O DE ATENDIMENTO DAS FARM\u00c1CIAS E DROGARIAS NO MUNIC\u00cdPIO DE PALMEIRA E D\u00c1 OUTRAS PROVID\u00caNCIAS."}, {"id": "504", "ano": "2015", "numero": "4149", "tipo__sigla": "PL", "tipo__descricao": "Projeto de Lei", "autoria": "", "texto_original": "http://sapl.palmeira.pr.leg.br/media/./sapl/public/materialegislativa/2015/504/504_texto_integral.pdf", "ementa": "ALTERA A LEI 3591 DE 13 DE DEZEMBRO DE 2013, QUE DISP\u00d5E SOBRE A CRIA\u00c7\u00c3O DO CONSELHO MUNICIPAL DE EDUCA\u00c7\u00c3O, E D\u00c1 OUTRAS PROVID\u00caNCIAS."}, {"id": "505", "ano": "2015", "numero": "4150", "tipo__sigla": "PL", "tipo__descricao": "Projeto de Lei", "autoria": "", "texto_original": "http://sapl.palmeira.pr.leg.br/media/./sapl/public/materialegislativa/2015/505/505_texto_integral.pdf", "ementa": "AUTORIZA A ABERTURA DE CR\u00c9DITO ADICIONAL ESPECIAL E D\u00c1 OUTRAS PROVID\u00caNCIAS."}, {"id": "506", "ano": "2015", "numero": "4151", "tipo__sigla": "PL", "tipo__descricao": "Projeto de Lei", "autoria": "", "texto_original": "http://sapl.palmeira.pr.leg.br/media/./sapl/public/materialegislativa/2015/506/506_texto_integral.pdf", "ementa": "AUTORIZA A ABERTURA DE CR\u00c9DITO ADICIONAL ESPECIAL E D\u00c1 OUTRAS PROVID\u00caNCIAS."}, {"id": "507", "ano": "2015", "numero": "4152", "tipo__sigla": "PL", "tipo__descricao": "Projeto de Lei", "autoria": "", "texto_original": "http://sapl.palmeira.pr.leg.br/media/./sapl/public/materialegislativa/2015/507/507_texto_integral.pdf", "ementa": "AUTORIZA O PODER EXECUTIVO MUNICIPAL A CONCEDER CESTAS B\u00c1SICAS AO RECICLADORES DE RES\u00cdDUOS S\u00d3LIDOS DO MUNIC\u00cdPIO DE PALMEIRA E D\u00c1 OUTRAS PROVID\u00caNCIAS."}, {"id": "508", "ano": "2015", "numero": "4153", "tipo__sigla": "PL", "tipo__descricao": "Projeto de Lei", "autoria": "", "texto_original": "http://sapl.palmeira.pr.leg.br/media/./sapl/public/materialegislativa/2015/508/508_texto_integral.pdf", "ementa": "ABRE VAGAS NO SERVI\u00c7O P\u00daBLICO MUNICIPAL E D\u00c1 OUTRAS PROVID\u00caNCIAS."}, {"id": "509", "ano": "2015", "numero": "4154", "tipo__sigla": "PL", "tipo__descricao": "Projeto de Lei", "autoria": "", "texto_original": "http://sapl.palmeira.pr.leg.br/media/./sapl/public/materialegislativa/2015/509/509_texto_integral.pdf", "ementa": "AUTORIZA O PODER EXECUTIVO A PROCEDER A CONCESS\u00c3O DE DIREITO REAL DE USO RESOL\u00daVEL DE IM\u00d3VEL URBANO \u00c0 EMPRESA PROTENDE ESTRUTURAS PR\u00c9-FABRICADAS LTDA. - EPP, E D\u00c1 OUTRAS PROVID\u00caNCIAS."}, {"id": "510", "ano": "2015", "numero": "4155", "tipo__sigla": "PL", "tipo__descricao": "Projeto de Lei", "autoria": "", "texto_original": "http://sapl.palmeira.pr.leg.br/media/./sapl/public/materialegislativa/2015/510/510_texto_integral.pdf", "ementa": "ALTERA DISPOSITIVOS DA LEI N\u00ba 3951, DE 13 DE DEZEMBRO DE 2013, QUE DISP\u00d5E SOBRE A CRIA\u00c7\u00c3O DO CONSELHO MUNICIPAL DE EDUCA\u00c7\u00c3O, E D\u00c1 OUTRAS PROVID\u00caNCIAS."}, {"id": "511", "ano": "2015", "numero": "4156", "tipo__sigla": "PL", "tipo__descricao": "Projeto de Lei", "autoria": "", "texto_original": "http://sapl.palmeira.pr.leg.br/media/./sapl/public/materialegislativa/2015/511/511_texto_integral.pdf", "ementa": "ALTERA DISPOSITIVOS DA LEI N\u00ba 3835 DE 31 DE DEZEMBRO DE 2014 E D\u00c1 OUTRAS PROVID\u00caNCIAS."}, {"id": "512", "ano": "2015", "numero": "4157", "tipo__sigla": "PL", "tipo__descricao": "Projeto de Lei", "autoria": "", "texto_original": "http://sapl.palmeira.pr.leg.br/media/./sapl/public/materialegislativa/2015/512/512_texto_integral.pdf", "ementa": "ALTERA DISPOSITIVOS DA LEI N\u00ba 2516, DE 21 DE DEZEMBRO DE 2006, E D\u00c1 OUTRAS PROVID\u00caNCIAS."}, {"id": "513", "ano": "2015", "numero": "4158", "tipo__sigla": "PL", "tipo__descricao": "Projeto de Lei", "autoria": "", "texto_original": "http://sapl.palmeira.pr.leg.br/media/./sapl/public/materialegislativa/2015/513/513_texto_integral.pdf", "ementa": "ALTERA A REDA\u00c7\u00c3O DO PAR\u00c1GRAFO \u00daNICO DO ARTIGO 2\u00ba E ACRESCENTA INCISO NO ARTIGO 4\u00aa DA LEI N\u00ba 3858 DE 02 DE MAR\u00c7O DE 2015."}, {"id": "514", "ano": "2015", "numero": "4159", "tipo__sigla": "PL", "tipo__descricao": "Projeto de Lei", "autoria": "", "texto_original": "http://sapl.palmeira.pr.leg.br/media/./sapl/public/materialegislativa/2015/514/514_texto_integral.pdf", "ementa": "DISP\u00d5E SOBRE DENOMINA\u00c7\u00c3O DE RUA DA CIDADE."}, {"id": "515", "ano": "2015", "numero": "4160", "tipo__sigla": "PL", "tipo__descricao": "Projeto de Lei", "autoria": "", "texto_original": "http://sapl.palmeira.pr.leg.br/media/./sapl/public/materialegislativa/2015/515/515_texto_integral.pdf", "ementa": "DISP\u00d5E SOBRE DENOMINA\u00c7\u00c3O DE RUA DA CIDADE."}, {"id": "516", "ano": "2015", "numero": "4161", "tipo__sigla": "PL", "tipo__descricao": "Projeto de Lei", "autoria": "", "texto_original": "http://sapl.palmeira.pr.leg.br/media/./sapl/public/materialegislativa/2015/516/516_texto_integral.pdf", "ementa": "AUTORIZA A ABERTURA DE CR\u00c9DITO ADICIONAL ESPECIAL E D\u00c1 OUTRAS PROVID\u00caNCIAS."}, {"id": "517", "ano": "2015", "numero": "4162", "tipo__sigla": "PL", "tipo__descricao": "Projeto de Lei", "autoria": "", "texto_original": "http://sapl.palmeira.pr.leg.br/media/./sapl/public/materialegislativa/2015/517/517_texto_integral.pdf", "ementa": "AUTORIZA A ABERTURA DE CR\u00c9DITO ADICIONAL ESPECIAL E D\u00c1 OUTRAS PROVID\u00caNCIAS."}, {"id": "518", "ano": "2015", "numero": "4163", "tipo__sigla": "PL", "tipo__descricao": "Projeto de Lei", "autoria": "", "texto_original": "http://sapl.palmeira.pr.leg.br/media/./sapl/public/materialegislativa/2015/518/518_texto_integral.pdf", "ementa": "AUTORIZA A ABERTURA DE CR\u00c9DITO ADICIONAL ESPECIAL E D\u00c1 OUTRAS PROVID\u00caNCIAS."}, {"id": "519", "ano": "2015", "numero": "4164", "tipo__sigla": "PL", "tipo__descricao": "Projeto de Lei", "autoria": "", "texto_original": "http://sapl.palmeira.pr.leg.br/media/./sapl/public/materialegislativa/2015/519/519_texto_integral.pdf", "ementa": "DISP\u00d5E SOBRE AS DIRETRIZES OR\u00c7AMENT\u00c1RIAS DO MUNIC\u00cdPIO DE PALMEIRA PARA O EXERC\u00cdCIO FINANCEIRO DE 2016 E D\u00c1 OUTRAS PROVID\u00caNCIAS."}, {"id": "520", "ano": "2015", "numero": "4165", "tipo__sigla": "PL", "tipo__descricao": "Projeto de Lei", "autoria": "", "texto_original": "http://sapl.palmeira.pr.leg.br/media/./sapl/public/materialegislativa/2015/520/520_texto_integral.pdf", "ementa": "AUTORIZA A ABERTURA DE CR\u00c9DITO ADICIONAL ESPECIAL E D\u00c1 OUTRAS PROVID\u00caNCIAS."}, {"id": "522", "ano": "2015", "numero": "4167", "tipo__sigla": "PL", "tipo__descricao": "Projeto de Lei", "autoria": "", "texto_original": "http://sapl.palmeira.pr.leg.br/media/./sapl/public/materialegislativa/2015/522/522_texto_integral.pdf", "ementa": "AUTORIZA A ABERTURA DE CR\u00c9DITO ADICIONAL ESPECIAL E D\u00c1 OUTRAS PROVID\u00caNCIAS."}, {"id": "523", "ano": "2015", "numero": "4168", "tipo__sigla": "PL", "tipo__descricao": "Projeto de Lei", "autoria": "", "texto_original": "http://sapl.palmeira.pr.leg.br/media/./sapl/public/materialegislativa/2015/523/523_texto_integral.pdf", "ementa": "AUTORIZA A ABERTURA DE CR\u00c9DITO ADICIONAL ESPECIAL E D\u00c1 OUTRAS PROVID\u00caNCIAS."}, {"id": "524", "ano": "2015", "numero": "4169", "tipo__sigla": "PL", "tipo__descricao": "Projeto de Lei", "autoria": "", "texto_original": "http://sapl.palmeira.pr.leg.br/media/./sapl/public/materialegislativa/2015/524/524_texto_integral.pdf", "ementa": "AUTORIZA A ABERTURA DE CR\u00c9DITO ADICIONAL ESPECIAL E D\u00c1 OUTRAS PROVID\u00caNCIAS."}, {"id": "525", "ano": "2015", "numero": "4170", "tipo__sigla": "PL", "tipo__descricao": "Projeto de Lei", "autoria": "", "texto_original": "http://sapl.palmeira.pr.leg.br/media/./sapl/public/materialegislativa/2015/525/525_texto_integral.pdf", "ementa": "DISP\u00d5E SOBRE A DENOMINA\u00c7\u00c3O DAS ESTRADAS RURAIS DO MUNIC\u00cdPIO DE PALMEIRA E D\u00c1 OUTRAS PROVID\u00caNCIAS."}, {"id": "526", "ano": "2015", "numero": "4171", "tipo__sigla": "PL", "tipo__descricao": "Projeto de Lei", "autoria": "", "texto_original": "http://sapl.palmeira.pr.leg.br/media/./sapl/public/materialegislativa/2015/526/526_texto_integral.pdf", "ementa": "DISP\u00d5E SOBRE A CRIA\u00c7\u00c3O DO PROGRAMA RECICLANDO ENERGIA, PROGRAMA DE COLETA SELETIVA DE PILHAS E BATERIAS DE CELULARES NAS ESCOLAS DA REDE P\u00daBLIA MUNICIPAL"}, {"id": "527", "ano": "2015", "numero": "4172", "tipo__sigla": "PL", "tipo__descricao": "Projeto de Lei", "autoria": "", "texto_original": "http://sapl.palmeira.pr.leg.br/media/./sapl/public/materialegislativa/2015/527/527_texto_integral.pdf", "ementa": "ALTERA O ARTIGO 1\u00ba DA LEI 1098 DE 11 DE NOVEMBRO DE 1983, DENOMINA\u00c7\u00c3O DA RUA ANDR\u00c9 GUMY"}, {"id": "528", "ano": "2015", "numero": "4173", "tipo__sigla": "PL", "tipo__descricao": "Projeto de Lei", "autoria": "", "texto_original": "http://sapl.palmeira.pr.leg.br/media/./sapl/public/materialegislativa/2015/528/528_texto_integral.pdf", "ementa": "CRIA OS COMPONENTES DO SISTEMA NACIONAL DE SEGURAN\u00c7A ALIMENTAR E NUTRICIONAL - SISAN, NO MUNIC\u00cdPIO DE PALMEIRA"}, {"id": "529", "ano": "2015", "numero": "4174", "tipo__sigla": "PL", "tipo__descricao": "Projeto de Lei", "autoria": "", "texto_original": "http://sapl.palmeira.pr.leg.br/media/./sapl/public/materialegislativa/2015/529/529_texto_integral.pdf", "ementa": "AUTORIZA A ABERTURA DE CR\u00c9DITO ADICIONAL ESPECIAL E D\u00c1 OUTRAS PROVID\u00caNCIAS."}, {"id": "530", "ano": "2015", "numero": "4175", "tipo__sigla": "PL", "tipo__descricao": "Projeto de Lei", "autoria": "", "texto_original": "http://sapl.palmeira.pr.leg.br/media/./sapl/public/materialegislativa/2015/530/530_texto_integral.pdf", "ementa": "AUTORIZA A ABERTURA DE CR\u00c9DITO ADICIONAL ESPECIAL E D\u00c1 OUTRAS PROVID\u00caNCIAS"}, {"id": "531", "ano": "2015", "numero": "4176", "tipo__sigla": "PL", "tipo__descricao": "Projeto de Lei", "autoria": "", "texto_original": "http://sapl.palmeira.pr.leg.br/media/./sapl/public/materialegislativa/2015/531/531_texto_integral.pdf", "ementa": "AUTORIZA A ABERTURA DE CR\u00c9DITO ADICIONAL SUPLEMENTAR E D\u00c1 OUTRAS PROVID\u00caNCIAS"}, {"id": "532", "ano": "2015", "numero": "4177", "tipo__sigla": "PL", "tipo__descricao": "Projeto de Lei", "autoria": "", "texto_original": "http://sapl.palmeira.pr.leg.br/media/./sapl/public/materialegislativa/2015/532/532_texto_integral.pdf", "ementa": "AUTORIZA A ABERTURA DE CR\u00c9DITO ADICIONAL ESPECIAL E D\u00c1 OUTRAS PROVID\u00caNCIAS"}, {"id": "533", "ano": "2015", "numero": "4178", "tipo__sigla": "PL", "tipo__descricao": "Projeto de Lei", "autoria": "", "texto_original": "http://sapl.palmeira.pr.leg.br/media/./sapl/public/materialegislativa/2015/533/533_texto_integral.pdf", "ementa": "AUTORIZA A ABERTURA DE CR\u00c9DITO ADICIONAL SUPLEMENTAR E D\u00c1 OUTRAS PROVID\u00caNCIAS"}, {"id": "534", "ano": "2015", "numero": "4179", "tipo__sigla": "PL", "tipo__descricao": "Projeto de Lei", "autoria": "", "texto_original": "http://sapl.palmeira.pr.leg.br/media/./sapl/public/materialegislativa/2015/534/534_texto_integral.pdf", "ementa": "ACRESCENTA PAR\u00c1GRAFO 2\u00ba NO ARTIGO 9\u00ba DA LEI N\u00ba 3682 DE 17 DE JUNHO DE 2014, E D\u00c1 OUTRAS PROVID\u00caNCIAS"}, {"id": "535", "ano": "2015", "numero": "4181", "tipo__sigla": "PL", "tipo__descricao": "Projeto de Lei", "autoria": "", "texto_original": "http://sapl.palmeira.pr.leg.br/media/./sapl/public/materialegislativa/2015/535/535_texto_integral.pdf", "ementa": "DISP\u00d5E SOBRE A ALTERA\u00c7\u00c3O DO ARTIGO 8\u00ba DA LEI N\u00ba 3288 DE 07 DE DEZEMBRO DE 2011 E D\u00c1 OUTRAS PROVID\u00caNCIAS"}, {"id": "536", "ano": "2015", "numero": "4182", "tipo__sigla": "PL", "tipo__descricao": "Projeto de Lei", "autoria": "", "texto_original": "http://sapl.palmeira.pr.leg.br/media/./sapl/public/materialegislativa/2015/536/536_texto_integral.pdf", "ementa": "AUTORIZA A ABERTURA DE CR\u00c9DITO ADICIONAL ESPECIAL E D\u00c1 OUTRAS PROVID\u00caNCIAS"}, {"id": "537", "ano": "2015", "numero": "4183", "tipo__sigla": "PL", "tipo__descricao": "Projeto de Lei", "autoria": "", "texto_original": "http://sapl.palmeira.pr.leg.br/media/./sapl/public/materialegislativa/2015/537/537_texto_integral.pdf", "ementa": "D\u00c1 DENOMINA\u00c7\u00c3O A CMEI - CENTRO MUNICIPAL DE EDUCA\u00c7\u00c3O INFANTIL"}, {"id": "538", "ano": "2015", "numero": "4184", "tipo__sigla": "PL", "tipo__descricao": "Projeto de Lei", "autoria": "", "texto_original": "http://sapl.palmeira.pr.leg.br/media/./sapl/public/materialegislativa/2015/538/538_texto_integral.pdf", "ementa": "AUTORIZA A ABERTURA DE CR\u00c9DITO ADICIONAL SUPLEMENTAR E D\u00c1 OUTRAS PROVID\u00caNCIAS"}, {"id": "539", "ano": "2015", "numero": "4185", "tipo__sigla": "PL", "tipo__descricao": "Projeto de Lei", "autoria": "", "texto_original": "http://sapl.palmeira.pr.leg.br/media/./sapl/public/materialegislativa/2015/539/539_texto_integral.pdf", "ementa": "AUTORIZA A ABERTURA DE CR\u00c9DITO ADICIONAL SUPLEMENTAR E D\u00c1 OUTRAS PROVID\u00caNCIAS"}, {"id": "540", "ano": "2015", "numero": "4186", "tipo__sigla": "PL", "tipo__descricao": "Projeto de Lei", "autoria": "", "texto_original": "http://sapl.palmeira.pr.leg.br/media/", "ementa": "AUTORIZA A ABERTURA DE CR\u00c9DITO ADICIONAL ESPECIAL E D\u00c1 OUTRAS PROVID\u00caNCIAS"}, {"id": "541", "ano": "2015", "numero": "4187", "tipo__sigla": "PL", "tipo__descricao": "Projeto de Lei", "autoria": "", "texto_original": "http://sapl.palmeira.pr.leg.br/media/./sapl/public/materialegislativa/2015/541/541_texto_integral.pdf", "ementa": "AUTORIZA A ABERTURA DE CR\u00c9DITO ADICIONAL ESPECIAL E D\u00c1 OUTRAS PROVID\u00caNCIAS"}, {"id": "542", "ano": "2015", "numero": "4188", "tipo__sigla": "PL", "tipo__descricao": "Projeto de Lei", "autoria": "", "texto_original": "http://sapl.palmeira.pr.leg.br/media/./sapl/public/materialegislativa/2015/542/542_texto_integral.pdf", "ementa": "ABRE VAGAS NO SERVI\u00c7O P\u00daBLICO MUNICIPAL E D\u00c1 OUTRAS PROVID\u00caNCIAS"}, {"id": "543", "ano": "2015", "numero": "4189", "tipo__sigla": "PL", "tipo__descricao": "Projeto de Lei", "autoria": "", "texto_original": "http://sapl.palmeira.pr.leg.br/media/./sapl/public/materialegislativa/2015/543/543_texto_integral.pdf", "ementa": "AUTORIZA A ABERTURA DE CR\u00c9DITO ADICIONAL SUPLEMENTAR E D\u00c1 OUTRAS PROVID\u00caNCIAS"}, {"id": "544", "ano": "2015", "numero": "4190", "tipo__sigla": "PL", "tipo__descricao": "Projeto de Lei", "autoria": "", "texto_original": "http://sapl.palmeira.pr.leg.br/media/./sapl/public/materialegislativa/2015/544/544_texto_integral.pdf", "ementa": "AUTORIZA A ABERTURA DE CR\u00c9DITO ADICIONAL ESPECIAL E D\u00c1 OUTRAS PROVID\u00caNCIAS"}, {"id": "545", "ano": "2015", "numero": "4191", "tipo__sigla": "PL", "tipo__descricao": "Projeto de Lei", "autoria": "", "texto_original": "http://sapl.palmeira.pr.leg.br/media/./sapl/public/materialegislativa/2015/545/545_texto_integral.pdf", "ementa": "AUTORIZA O PODER EXECUTIVO A PROCEDER \u00c0 CONCESS\u00c3O DE DIREITO REAL DE USO RESOL\u00daVEL DE IM\u00d3VEIS \u00c0 EMPRESA REINALDO DELFRATE & CIA LTDA - ME. E D\u00c1 OUTRAS PROVID\u00caNCIAS"}, {"id": "546", "ano": "2015", "numero": "4192", "tipo__sigla": "PL", "tipo__descricao": "Projeto de Lei", "autoria": "", "texto_original": "http://sapl.palmeira.pr.leg.br/media/./sapl/public/materialegislativa/2015/546/546_texto_integral.pdf", "ementa": "AUTORIZA A SUB-ROGA\u00c7\u00c3O DA EMPRESA NUCLEOTEC DISTRIBUIDORA DE IM\u00d3VEIS LTDA, NOS DIREITOS E OBRIGA\u00c7\u00d5ES HAVIDOS PELA EMPRESA LATINA PRODUTOS HOSPITALARES LTDA - EPP, EM VIRTUDE DA LEI N\u00ba 3581 DE 20 DE NOVEMBRO DE 2013 E D\u00c1 OUTRAS PROVID\u00caNCIAS"}, {"id": "547", "ano": "2015", "numero": "4193", "tipo__sigla": "PL", "tipo__descricao": "Projeto de Lei", "autoria": "", "texto_original": "http://sapl.palmeira.pr.leg.br/media/./sapl/public/materialegislativa/2015/547/547_texto_integral.pdf", "ementa": "AUTORIZA O PODER EXECUTIVO A PROCEDER A CONCESS\u00c3O DE DIREITO RAL DE USO RESOL\u00daVEL DE IM\u00d3VEL URBANO \u00c0 EMPRESA MADEREIRA RIO D'AREIA LTDA - ME, E D\u00c1 OUTRAS PROVID\u00caNCIAS"}, {"id": "548", "ano": "2015", "numero": "4194", "tipo__sigla": "PL", "tipo__descricao": "Projeto de Lei", "autoria": "", "texto_original": "http://sapl.palmeira.pr.leg.br/media/./sapl/public/materialegislativa/2015/548/548_texto_integral.pdf", "ementa": "AUTORIZA O PODER EXECUTIVO MUNICIPAL A PROMOVER LEIL\u00c3O P\u00daBLICO COM A FINALIDADE DE ALIENAR VE\u00cdCULOS INSERV\u00cdVEIS AO MUNIC\u00cdPIO E D\u00c1 OUTRAS PROVID\u00caNCIAS"}, {"id": "549", "ano": "2015", "numero": "4195", "tipo__sigla": "PL", "tipo__descricao": "Projeto de Lei", "autoria": "", "texto_original": "http://sapl.palmeira.pr.leg.br/media/./sapl/public/materialegislativa/2015/549/549_texto_integral.pdf", "ementa": "ALTERA E ACRESCENTA DISPOSITIVOS \u00c0 LEI MUNICIPAL N\u00ba 2404 DE 30 DE SETEMBRO DE 2005, QUE DISP\u00d5E SOBRE A REORGANIZA\u00c7\u00c3O DO REGIME PR\u00d3PRIO DE PREVID\u00caNCIAS SOCIAL E D\u00c1 OUTRAS PROVID\u00caNCIAS"}, {"id": "550", "ano": "2015", "numero": "4196", "tipo__sigla": "PL", "tipo__descricao": "Projeto de Lei", "autoria": "", "texto_original": "http://sapl.palmeira.pr.leg.br/media/./sapl/public/materialegislativa/2015/550/550_texto_integral.pdf", "ementa": "AUAUTORIZA A ABERTURA DE CR\u00c9DITO ADICIONAL ESPECIAL E D\u00c1 OUTRAS PROVID\u00caNCIAS"}, {"id": "551", "ano": "2015", "numero": "4197", "tipo__sigla": "PL", "tipo__descricao": "Projeto de Lei", "autoria": "", "texto_original": "http://sapl.palmeira.pr.leg.br/media/./sapl/public/materialegislativa/2015/551/551_texto_integral.pdf", "ementa": "AUTORIZA A ABERTURA DE CR\u00c9DITO ADICIONAL ESPECIAL E D\u00c1 OUTRAS PROVID\u00caNCIAS"}, {"id": "552", "ano": "2015", "numero": "4198", "tipo__sigla": "PL", "tipo__descricao": "Projeto de Lei", "autoria": "", "texto_original": "http://sapl.palmeira.pr.leg.br/media/./sapl/public/materialegislativa/2015/552/552_texto_integral.pdf", "ementa": "AUTORIZA A ABERTURA DE CR\u00c9DITO ADICIONAL ESPECIAL E D\u00c1 OUTRAS PROVID\u00caNCIAS"}, {"id": "553", "ano": "2015", "numero": "4199", "tipo__sigla": "PL", "tipo__descricao": "Projeto de Lei", "autoria": "", "texto_original": "http://sapl.palmeira.pr.leg.br/media/./sapl/public/materialegislativa/2015/553/553_texto_integral.pdf", "ementa": "AUTORIZA A ABERTURA DE CR\u00c9DITO ADICIONAL SUPLEMENTAR E D\u00c1 OUTRAS PROVID\u00caNCIAS"}, {"id": "554", "ano": "2015", "numero": "4200", "tipo__sigla": "PL", "tipo__descricao": "Projeto de Lei", "autoria": "", "texto_original": "http://sapl.palmeira.pr.leg.br/media/./sapl/public/materialegislativa/2015/554/554_texto_integral.pdf", "ementa": "AUTORIZA A ABERTURA DE CR\u00c9DITO ADICIONAL ESPECIAL E D\u00c1 OUTRAS PROVID\u00caNCIAS"}, {"id": "555", "ano": "2015", "numero": "4201", "tipo__sigla": "PL", "tipo__descricao": "Projeto de Lei", "autoria": "", "texto_original": "http://sapl.palmeira.pr.leg.br/media/./sapl/public/materialegislativa/2015/555/555_texto_integral.pdf", "ementa": "AUTORIZA A ABERTURA DE CR\u00c9DITO ADICIONAL SUPLEMENTAR E D\u00c1 OUTRAS PROVID\u00caNCIAS"}, {"id": "556", "ano": "2015", "numero": "4202", "tipo__sigla": "PL", "tipo__descricao": "Projeto de Lei", "autoria": "", "texto_original": "http://sapl.palmeira.pr.leg.br/media/./sapl/public/materialegislativa/2015/556/556_texto_integral.pdf", "ementa": "AUTORIZA A ABERTURA DE CR\u00c9DITO ADICIONAL SUPLEMENTAR E D\u00c1 OUTRAS PROVID\u00caNCIAS"}, {"id": "557", "ano": "2015", "numero": "4203", "tipo__sigla": "PL", "tipo__descricao": "Projeto de Lei", "autoria": "", "texto_original": "http://sapl.palmeira.pr.leg.br/media/./sapl/public/materialegislativa/2015/557/557_texto_integral.pdf", "ementa": "AUTORIZA A ABERTURA DE CR\u00c9DITO ADICIONAL SUPLEMENTAR E D\u00c1 OUTRAS PROVID\u00caNCIAS"}, {"id": "558", "ano": "2015", "numero": "4204", "tipo__sigla": "PL", "tipo__descricao": "Projeto de Lei", "autoria": "", "texto_original": "http://sapl.palmeira.pr.leg.br/media/./sapl/public/materialegislativa/2015/558/558_texto_integral.pdf", "ementa": "APROVA O PLANO MUNICIPAL DE EDUCA\u00c7\u00c3O DO MUNIC\u00cdPIO DE PALMEIRA - PME, PARA O DEC\u00caNIO 2015/2025"}, {"id": "559", "ano": "2015", "numero": "4205", "tipo__sigla": "PL", "tipo__descricao": "Projeto de Lei", "autoria": "", "texto_original": "http://sapl.palmeira.pr.leg.br/media/./sapl/public/materialegislativa/2015/559/559_texto_integral.pdf", "ementa": "ALTERA E ACRESCENTA DISPOSITIVOS \u00c0 LEI N\u00ba 3511, DE 01 DE AGOSTO DE 2013 E D\u00c1 OUTRAS PROVID\u00caNCIAS"}, {"id": "560", "ano": "2015", "numero": "4206", "tipo__sigla": "PL", "tipo__descricao": "Projeto de Lei", "autoria": "", "texto_original": "http://sapl.palmeira.pr.leg.br/media/./sapl/public/materialegislativa/2015/560/560_texto_integral.pdf", "ementa": "AUTORIZA A ABERTURA DE CR\u00c9DITO ADICIONAL SUPLEMENTAR E D\u00c1 OUTRAS PROVID\u00caNCIAS"}, {"id": "561", "ano": "2015", "numero": "4207", "tipo__sigla": "PL", "tipo__descricao": "Projeto de Lei", "autoria": "", "texto_original": "http://sapl.palmeira.pr.leg.br/media/./sapl/public/materialegislativa/2015/561/561_texto_integral.pdf", "ementa": "AUTORIZA A ABERTURA DE CR\u00c9DITO ADICIONAL SUPLEMENTAR E D\u00c1 OUTRAS PROVID\u00caNCIAS"}, {"id": "562", "ano": "2015", "numero": "4208", "tipo__sigla": "PL", "tipo__descricao": "Projeto de Lei", "autoria": "", "texto_original": "http://sapl.palmeira.pr.leg.br/media/./sapl/public/materialegislativa/2015/562/562_texto_integral.pdf", "ementa": "AUTORIZA A ABERTURA DE CR\u00c9DITO ADICIONAL ESPECIAL E D\u00c1 OUTRAS PROVID\u00caNCIAS"}, {"id": "563", "ano": "2015", "numero": "4209", "tipo__sigla": "PL", "tipo__descricao": "Projeto de Lei", "autoria": "", "texto_original": "http://sapl.palmeira.pr.leg.br/media/./sapl/public/materialegislativa/2015/563/563_texto_integral.pdf", "ementa": "AUTORIZA A ABERTURA DE CR\u00c9DITO ADICIONAL ESPECIAL E D\u00c1 OUTRAS PROVID\u00caNCIAS"}, {"id": "564", "ano": "2015", "numero": "4210", "tipo__sigla": "PL", "tipo__descricao": "Projeto de Lei", "autoria": "", "texto_original": "http://sapl.palmeira.pr.leg.br/media/./sapl/public/materialegislativa/2015/564/564_texto_integral.pdf", "ementa": "APROVA A PRIMEIRA REVIS\u00c3O DO PLANO PLURIANUAL DE SANEAMENTO B\u00c1SICO DE PALMEIRA - PMSB"}, {"id": "565", "ano": "2015", "numero": "4211", "tipo__sigla": "PL", "tipo__descricao": "Projeto de Lei", "autoria": "", "texto_original": "http://sapl.palmeira.pr.leg.br/media/./sapl/public/materialegislativa/2015/565/565_texto_integral.pdf", "ementa": "INCLUI NO ARTIGO 2\u00ba DA LEI MUNICIPAL N\u00ba 3593/2013, DE 18 DE DEZEMBRO DE 2013 OS PAR\u00c1GRAFOS 4\u00ba, 5\u00ba E 6\u00ba"}, {"id": "566", "ano": "2015", "numero": "4212", "tipo__sigla": "PL", "tipo__descricao": "Projeto de Lei", "autoria": "", "texto_original": "http://sapl.palmeira.pr.leg.br/media/./sapl/public/materialegislativa/2015/566/566_texto_integral.pdf", "ementa": "CONCEDE O T\u00cdTULO DE CIDAD\u00c3O HONOR\u00c1RIO DE PALMEIRA E D\u00c1 OUTRAS PROVID\u00caNCIAS"}, {"id": "567", "ano": "2015", "numero": "4213", "tipo__sigla": "PL", "tipo__descricao": "Projeto de Lei", "autoria": "", "texto_original": "http://sapl.palmeira.pr.leg.br/media/./sapl/public/materialegislativa/2015/567/567_texto_integral.pdf", "ementa": "AUTORIZA O PODER EXECUTIVO A PROCEDER, MEDIANTE CONV\u00caNIO, O REPASSE DE RECURSOS FINANCEIROS \u00c0 ASSOCIA\u00c7\u00c3O DE PAIS E AMIGOS DOS EXCEPCIONAIS DE PALMEIRA - APAE, COM SEDE NESTE MUNIC\u00cdPIO, E D\u00c1 OUTRAS PROVID\u00caNCIAS"}, {"id": "568", "ano": "2015", "numero": "4214", "tipo__sigla": "PL", "tipo__descricao": "Projeto de Lei", "autoria": "", "texto_original": "http://sapl.palmeira.pr.leg.br/media/./sapl/public/materialegislativa/2015/568/568_texto_integral.pdf", "ementa": "INSTITUI A FEIRA DE PROFISS\u00d5ES NO MUNIC\u00cdPIO DE PALMEIRA E D\u00c1 OUTRAS PROVID\u00caNCIAS"}, {"id": "569", "ano": "2015", "numero": "4215", "tipo__sigla": "PL", "tipo__descricao": "Projeto de Lei", "autoria": "", "texto_original": "http://sapl.palmeira.pr.leg.br/media/./sapl/public/materialegislativa/2015/569/569_texto_integral.pdf", "ementa": "AUTORIZA A ABERTURA DE CR\u00c9DITO ADICIONAL SUPLEMENTAR E D\u00c1 OUTRAS PROVID\u00caNCIAS"}, {"id": "570", "ano": "2015", "numero": "4216", "tipo__sigla": "PL", "tipo__descricao": "Projeto de Lei", "autoria": "", "texto_original": "http://sapl.palmeira.pr.leg.br/media/./sapl/public/materialegislativa/2015/570/570_texto_integral.pdf", "ementa": "AUTORIZA A ABERTURA DE CR\u00c9DITO ADICIONAL ESPECIAL E D\u00c1 OUTRAS PROVID\u00caNCIAS"}, {"id": "571", "ano": "2015", "numero": "4217", "tipo__sigla": "PL", "tipo__descricao": "Projeto de Lei", "autoria": "", "texto_original": "http://sapl.palmeira.pr.leg.br/media/./sapl/public/materialegislativa/2015/571/571_texto_integral.pdf", "ementa": "DISP\u00d5E SOBRE O PARCELAMENTO E QUITA\u00c7\u00c3O DE D\u00c9BITOS N\u00c3O-TRIBUT\u00c1VEIS PERANTE O MUNIC\u00cdPIO DE PALMEIRA E D\u00c1 OUTRAS PROVID\u00caNCIAS"}, {"id": "572", "ano": "2015", "numero": "4218", "tipo__sigla": "PL", "tipo__descricao": "Projeto de Lei", "autoria": "", "texto_original": "http://sapl.palmeira.pr.leg.br/media/./sapl/public/materialegislativa/2015/572/572_texto_integral.pdf", "ementa": "DISP\u00d5E SOBRE DENOMINA\u00c7\u00c3O \u00c0 RUA DA CIDADE"}, {"id": "573", "ano": "2015", "numero": "4219", "tipo__sigla": "PL", "tipo__descricao": "Projeto de Lei", "autoria": "", "texto_original": "http://sapl.palmeira.pr.leg.br/media/./sapl/public/materialegislativa/2015/573/573_texto_integral.pdf", "ementa": "DISP\u00d5E SOBRE A ABERTURA DE CR\u00c9DITO ADICIONAL ESPECIAL E D\u00c1 OUTRAS PROVID\u00caNCIAS"}, {"id": "574", "ano": "2015", "numero": "4220", "tipo__sigla": "PL", "tipo__descricao": "Projeto de Lei", "autoria": "", "texto_original": "http://sapl.palmeira.pr.leg.br/media/./sapl/public/materialegislativa/2015/574/574_texto_integral.pdf", "ementa": "AUTORIZA A ABERTURA DE CR\u00c9DITO ADICIONAL SUPLEMENTAR E D\u00c1 OUTRAS PROVID\u00caNCIAS"}, {"id": "575", "ano": "2015", "numero": "4221", "tipo__sigla": "PL", "tipo__descricao": "Projeto de Lei", "autoria": "", "texto_original": "http://sapl.palmeira.pr.leg.br/media/./sapl/public/materialegislativa/2015/575/575_texto_integral.pdf", "ementa": "AUTORIZA A ABERTURA DE CR\u00c9DITO ADICIONAL SUPLEMENTAR E D\u00c1 OUTRAS PROVID\u00caNCIAS"}, {"id": "576", "ano": "2015", "numero": "4222", "tipo__sigla": "PL", "tipo__descricao": "Projeto de Lei", "autoria": "", "texto_original": "http://sapl.palmeira.pr.leg.br/media/./sapl/public/materialegislativa/2015/576/576_texto_integral.pdf", "ementa": "AUTORIZA A ABERTURA DE CR\u00c9DITO ADICIONAL SUPLEMENTAR E D\u00c1 OUTRAS PROVID\u00caNCIAS"}, {"id": "577", "ano": "2015", "numero": "4223", "tipo__sigla": "PL", "tipo__descricao": "Projeto de Lei", "autoria": "", "texto_original": "http://sapl.palmeira.pr.leg.br/media/./sapl/public/materialegislativa/2015/577/577_texto_integral.pdf", "ementa": "AUTORIZA O PODER EXECUTIVO A CONCEDER REPASSE DE RECURSOS FINANCEIROS \u00c0 ASSOCIA\u00c7\u00c3O DE TURISMO PALMEIRA MAIS, COM SEDE NESTE MUNIC\u00cdPIO, E CELEBRAR CONV\u00caNIO PROMOVENDO PARA ISSO A ALTERA\u00c7\u00c3O OR\u00c7AMENT\u00c1RIA NECESS\u00c1RIA AUTORIZANDO TAMB\u00c9M A ABERTURA DE CR\u00c9DITO ADICIONAL ESPECIAL"}, {"id": "578", "ano": "2015", "numero": "4224", "tipo__sigla": "PL", "tipo__descricao": "Projeto de Lei", "autoria": "", "texto_original": "http://sapl.palmeira.pr.leg.br/media/./sapl/public/materialegislativa/2015/578/578_texto_integral.pdf", "ementa": "AUTORIZA O PODER EXECUTIVO MUNICIPAL A CONCEDER INCENTIVO TRIBUT\u00c1RIO A EMPRESA GARMATTER SILOS LTDA - ME E D\u00c1 OUTRAS PROVID\u00caNCIAS"}, {"id": "579", "ano": "2015", "numero": "4225", "tipo__sigla": "PL", "tipo__descricao": "Projeto de Lei", "autoria": "", "texto_original": "http://sapl.palmeira.pr.leg.br/media/./sapl/public/materialegislativa/2015/579/579_texto_integral.pdf", "ementa": "AUTORIZA O PODER EXECUTIVO A CONCEDER INCENTIVO TRIBUT\u00c1RIO A EMPRESA BONANZA PARTICIPAL\u00d5ES LTDA E D\u00c1 OUTRAS PROVID\u00caNCIAS"}, {"id": "580", "ano": "2015", "numero": "4226", "tipo__sigla": "PL", "tipo__descricao": "Projeto de Lei", "autoria": "", "texto_original": "http://sapl.palmeira.pr.leg.br/media/./sapl/public/materialegislativa/2015/580/580_texto_integral.pdf", "ementa": "DISP\u00d5E SOBRE A CRIA\u00c7\u00c3O E DENOMINA\u00c7\u00c3O DO CENTRO MUNICIPAL DE EDUCA\u00c7\u00c3O INFANTIL - CRECHE E PR\u00c9-ESCOLA LOCALIZADO NO BAIRRO DA COL\u00d4NIA FRANCESA E D\u00c1 OUTRAS PROVID\u00caNCIAS"}, {"id": "581", "ano": "2015", "numero": "4227", "tipo__sigla": "PL", "tipo__descricao": "Projeto de Lei", "autoria": "", "texto_original": "http://sapl.palmeira.pr.leg.br/media/./sapl/public/materialegislativa/2015/581/581_texto_integral.pdf", "ementa": "ABRE VAGAS NO SERVI\u00c7O P\u00daBLICO MUNICIPAL, E D\u00c1 OUTRAS PROVID\u00caNCIAS"}, {"id": "582", "ano": "2015", "numero": "4228", "tipo__sigla": "PL", "tipo__descricao": "Projeto de Lei", "autoria": "", "texto_original": "http://sapl.palmeira.pr.leg.br/media/./sapl/public/materialegislativa/2015/582/582_texto_integral.pdf", "ementa": "INSTITUI O DIA MUNICIPAL DAS PESSOAS COM DEFICI\u00caNCIA"}, {"id": "583", "ano": "2015", "numero": "4229", "tipo__sigla": "PL", "tipo__descricao": "Projeto de Lei", "autoria": "", "texto_original": "http://sapl.palmeira.pr.leg.br/media/./sapl/public/materialegislativa/2015/583/583_texto_integral.pdf", "ementa": "INSTITUI O DIA DO PASTOR"}, {"id": "584", "ano": "2015", "numero": "4230", "tipo__sigla": "PL", "tipo__descricao": "Projeto de Lei", "autoria": "", "texto_original": "http://sapl.palmeira.pr.leg.br/media/./sapl/public/materialegislativa/2015/584/584_texto_integral.pdf", "ementa": "AUTORIZA O PODER EXECUTIVO MUNICIPAL A PROMOVER A CONCESS\u00c3O PARA EXECU\u00c7\u00c3O DE OBRAS E SERVI\u00c7OS P\u00daBLICOS DE SANEAMENTO B\u00c1SICO, VISANDO A GEST\u00c3O INTEGRADA NO MUNIC\u00cdPIO DE PALMEIRA E D\u00c1 OUTRAS PROVID\u00caNCIAS"}, {"id": "585", "ano": "2015", "numero": "4231", "tipo__sigla": "PL", "tipo__descricao": "Projeto de Lei", "autoria": "", "texto_original": "http://sapl.palmeira.pr.leg.br/media/sapl/public/materialegislativa/2015/585/4231.pdf", "ementa": "ESTABELECE CRIT\u00c9RIOS ESPECIAIS PARA IMPLANTA\u00c7\u00c3O DE NOVOS PROJETOS DE LOTEAMENTOS HABITACIONAIS NO MUNIC\u00cdPIO DE PALMEIRA E D\u00c1 OUTRAS PROVID\u00caNCIAS"}, {"id": "586", "ano": "2015", "numero": "4232", "tipo__sigla": "PL", "tipo__descricao": "Projeto de Lei", "autoria": "", "texto_original": "http://sapl.palmeira.pr.leg.br/media/./sapl/public/materialegislativa/2015/586/586_texto_integral.pdf", "ementa": "AUTORIZA A ABERTURA DE CR\u00c9DITO ADICIONAL ESPECIAL E D\u00c1 OUTRAS PROVID\u00caNCIAS"}, {"id": "587", "ano": "2015", "numero": "4233", "tipo__sigla": "PL", "tipo__descricao": "Projeto de Lei", "autoria": "", "texto_original": "http://sapl.palmeira.pr.leg.br/media/./sapl/public/materialegislativa/2015/587/587_texto_integral.pdf", "ementa": "AUTORIZA A ABERTURA DE CR\u00c9DITO ADICIONAL ESPECIAL E D\u00c1 OUTRAS PROVID\u00caNCIAS"}, {"id": "588", "ano": "2015", "numero": "4234", "tipo__sigla": "PL", "tipo__descricao": "Projeto de Lei", "autoria": "", "texto_original": "http://sapl.palmeira.pr.leg.br/media/./sapl/public/materialegislativa/2015/588/588_texto_integral.pdf", "ementa": "AUTORIZA A ABERTURA DE CR\u00c9DITO ADICIONAL SUPLEMENTAR E D\u00c1 OUTRAS PROVID\u00caNCIAS"}, {"id": "589", "ano": "2015", "numero": "4235", "tipo__sigla": "PL", "tipo__descricao": "Projeto de Lei", "autoria": "", "texto_original": "http://sapl.palmeira.pr.leg.br/media/./sapl/public/materialegislativa/2015/589/589_texto_integral.pdf", "ementa": "AUTORIZA A ABERTURA DE CR\u00c9DITO ADICIONAL SUPLEMENTAR E D\u00c1 OUTRAS PROVID\u00caNCIAS"}, {"id": "590", "ano": "2015", "numero": "4236", "tipo__sigla": "PL", "tipo__descricao": "Projeto de Lei", "autoria": "", "texto_original": "http://sapl.palmeira.pr.leg.br/media/./sapl/public/materialegislativa/2015/590/590_texto_integral.pdf", "ementa": "DA DENOMINA\u00c7\u00c3O A CMEI - CENTRO MUNICIPAL DE EDUCA\u00c7\u00c3O INFANTIL"}, {"id": "591", "ano": "2015", "numero": "4237", "tipo__sigla": "PL", "tipo__descricao": "Projeto de Lei", "autoria": "", "texto_original": "http://sapl.palmeira.pr.leg.br/media/./sapl/public/materialegislativa/2015/591/591_texto_integral.pdf", "ementa": "DISP\u00d5E SOBRE REESTRUTURA\u00c7\u00c3O ORGANIZACIONAL ADMINISTRATIVA DO PODER EXECUTIVO DO MUNIC\u00cdPIO DE PALMEIRA, CRIA CARGOS EM COMISS\u00c3O E D\u00c1 OUTRAS PROVID\u00caNCIAS"}, {"id": "592", "ano": "2015", "numero": "4238", "tipo__sigla": "PL", "tipo__descricao": "Projeto de Lei", "autoria": "", "texto_original": "http://sapl.palmeira.pr.leg.br/media/./sapl/public/materialegislativa/2015/592/592_texto_integral.pdf", "ementa": "DISP\u00d5E SOBRE A OBRIGATORIEDADE DE AFIXA\u00c7\u00c3O DE MATERIAIS DE DIVULGA\u00c7\u00c3O DO TRATAMENTO GRATU\u00cdTO PARA DEPENDENTES DE TABACO, PELO SISTEMA \u00daNICO DE SA\u00daDE (SUS), NOS ESTABELECIMENTOS QUE COMERCIALIZAM PRODUTOS FUM\u00cdGENOS E D\u00c1 OUTRAS PROVID\u00caNCIAS"}, {"id": "593", "ano": "2015", "numero": "4239", "tipo__sigla": "PL", "tipo__descricao": "Projeto de Lei", "autoria": "", "texto_original": "http://sapl.palmeira.pr.leg.br/media/./sapl/public/materialegislativa/2015/593/593_texto_integral.pdf", "ementa": "AUTORIZA A ABERTURA DE CR\u00c9DITO ADICIONAL SUPLEMENTAR E D\u00c1 OUTRAS PROVID\u00caNCIAS"}, {"id": "594", "ano": "2015", "numero": "4240", "tipo__sigla": "PL", "tipo__descricao": "Projeto de Lei", "autoria": "", "texto_original": "http://sapl.palmeira.pr.leg.br/media/./sapl/public/materialegislativa/2015/594/594_texto_integral.pdf", "ementa": "AUTORIZA A ABERTURA DE CR\u00c9DITO ADICIONAL SUPLEMENTAR E D\u00c1 OUTRAS PROVID\u00caNCIAS"}, {"id": "595", "ano": "2015", "numero": "4241", "tipo__sigla": "PL", "tipo__descricao": "Projeto de Lei", "autoria": "", "texto_original": "http://sapl.palmeira.pr.leg.br/media/./sapl/public/materialegislativa/2015/595/595_texto_integral.pdf", "ementa": "ALTERA DISPOSITIVOS DA LEI 3797 DE 13 DE NOVEMBRO DE 2014 E D\u00c1 OUTRAS PROVID\u00caNCIAS"}, {"id": "596", "ano": "2015", "numero": "4242", "tipo__sigla": "PL", "tipo__descricao": "Projeto de Lei", "autoria": "", "texto_original": "http://sapl.palmeira.pr.leg.br/media/./sapl/public/materialegislativa/2015/596/596_texto_integral.pdf", "ementa": "REVOGA O \u00a7 1\u00ba DA LEI N\u00ba 3839 DE 16 DE JANEIRO DE 2015 E D\u00c1 OUTRAS PROVID\u00caNCIAS"}, {"id": "597", "ano": "2015", "numero": "4243", "tipo__sigla": "PL", "tipo__descricao": "Projeto de Lei", "autoria": "", "texto_original": "http://sapl.palmeira.pr.leg.br/media/./sapl/public/materialegislativa/2015/597/597_texto_integral.pdf", "ementa": "ALTERA DISPOSITIVOS DA LEI N\u00ba 3658 DE 25 DE ABRIL DE 2014 E D\u00c1 OUTRAS PROVID\u00caNCIAS"}, {"id": "598", "ano": "2015", "numero": "4244", "tipo__sigla": "PL", "tipo__descricao": "Projeto de Lei", "autoria": "", "texto_original": "http://sapl.palmeira.pr.leg.br/media/./sapl/public/materialegislativa/2015/598/598_texto_integral.pdf", "ementa": "AUTORIZA A ABERTURA DE CR\u00c9DITO ADICIONAL SUPLEMENTAR E D\u00c1 OUTRAS PROVID\u00caNCIAS"}, {"id": "599", "ano": "2015", "numero": "4245", "tipo__sigla": "PL", "tipo__descricao": "Projeto de Lei", "autoria": "", "texto_original": "http://sapl.palmeira.pr.leg.br/media/./sapl/public/materialegislativa/2015/599/599_texto_integral.pdf", "ementa": "AUTORIZA A ABERTURA DE CR\u00c9DITO ADICIONAL SUPLEMENTAR E D\u00c1 OUTRAS PROVID\u00caNCIAS"}, {"id": "600", "ano": "2015", "numero": "4246", "tipo__sigla": "PL", "tipo__descricao": "Projeto de Lei", "autoria": "", "texto_original": "http://sapl.palmeira.pr.leg.br/media/./sapl/public/materialegislativa/2015/600/600_texto_integral.pdf", "ementa": "AUTORIZA A ABERTURA DE CR\u00c9DITO ADICIONAL ESPECIAL E D\u00c1 OUTRAS PROVID\u00caNCIAS"}, {"id": "601", "ano": "2015", "numero": "4247", "tipo__sigla": "PL", "tipo__descricao": "Projeto de Lei", "autoria": "", "texto_original": "http://sapl.palmeira.pr.leg.br/media/./sapl/public/materialegislativa/2015/601/601_texto_integral.pdf", "ementa": "AUTORIZA A ABERTURA DE CR\u00c9DITO ADICIONAL ESPECIAL E D\u00c1 OUTRAS PROVID\u00caNCIAS"}, {"id": "602", "ano": "2015", "numero": "4248", "tipo__sigla": "PL", "tipo__descricao": "Projeto de Lei", "autoria": "", "texto_original": "http://sapl.palmeira.pr.leg.br/media/./sapl/public/materialegislativa/2015/602/602_texto_integral.pdf", "ementa": "AUTORIZA O PODER EXECUTIVO A PROCEDER \u00c0 CONCESS\u00c3O DE DIREITO REAL DE USO RESOL\u00daVEL DE IM\u00d3VEIS URBANOS, E D\u00c1 OUTRAS PROVID\u00caNCIAS"}, {"id": "603", "ano": "2015", "numero": "4249", "tipo__sigla": "PL", "tipo__descricao": "Projeto de Lei", "autoria": "", "texto_original": "http://sapl.palmeira.pr.leg.br/media/./sapl/public/materialegislativa/2015/603/603_texto_integral.pdf", "ementa": "AUTORIZA A ABERTURA DE CR\u00c9DITO ADICIONAL SUPLEMENTAR E D\u00c1 OUTRAS PROVID\u00caNCIAS"}, {"id": "604", "ano": "2015", "numero": "4250", "tipo__sigla": "PL", "tipo__descricao": "Projeto de Lei", "autoria": "", "texto_original": "http://sapl.palmeira.pr.leg.br/media/./sapl/public/materialegislativa/2015/604/604_texto_integral.pdf", "ementa": "AUTORIZA A ABERTURA DE CR\u00c9DITO ADICIONAL SUPLEMENTAR E D\u00c1 OUTRAS PROVID\u00caNCIAS"}, {"id": "605", "ano": "2015", "numero": "4251", "tipo__sigla": "PL", "tipo__descricao": "Projeto de Lei", "autoria": "", "texto_original": "http://sapl.palmeira.pr.leg.br/media/./sapl/public/materialegislativa/2015/605/605_texto_integral.pdf", "ementa": "INSTITUI A SEMANA MUNICIPAL DE CONSCIENTIZA\u00c7\u00c3O NO TR\u00c2NSITO, E D\u00c1 OUTRAS PROVID\u00caNCIAS"}, {"id": "606", "ano": "2015", "numero": "4252", "tipo__sigla": "PL", "tipo__descricao": "Projeto de Lei", "autoria": "", "texto_original": "http://sapl.palmeira.pr.leg.br/media/./sapl/public/materialegislativa/2015/606/606_texto_integral.pdf", "ementa": "INSTITUI O DIA DO CICLISMO NO MUNIC\u00cdPIO DE PALMEIRA E D\u00c1 OUTRAS PROVID\u00caNCIAS"}, {"id": "607", "ano": "2015", "numero": "4253", "tipo__sigla": "PL", "tipo__descricao": "Projeto de Lei", "autoria": "", "texto_original": "http://sapl.palmeira.pr.leg.br/media/./sapl/public/materialegislativa/2015/607/607_texto_integral.pdf", "ementa": "AUTORIZA A ABERTURA DE CR\u00c9DITO ADICIONAL SUPLEMENTAR E D\u00c1 OUTRAS PROVID\u00caNCIAS"}, {"id": "608", "ano": "2015", "numero": "4254", "tipo__sigla": "PL", "tipo__descricao": "Projeto de Lei", "autoria": "", "texto_original": "http://sapl.palmeira.pr.leg.br/media/./sapl/public/materialegislativa/2015/608/608_texto_integral.pdf", "ementa": "D\u00c1 NOVA REDA\u00c7\u00c3O AO ARTIGO 6\u00ba, \u00a7 3\u00ba DA LEI N\u00ba 1728/94 E D\u00c1 OUTRAS PROVID\u00caNCIAS"}, {"id": "609", "ano": "2015", "numero": "4255", "tipo__sigla": "PL", "tipo__descricao": "Projeto de Lei", "autoria": "", "texto_original": "http://sapl.palmeira.pr.leg.br/media/./sapl/public/materialegislativa/2015/609/609_texto_integral.pdf", "ementa": "ESTIMA A RECEITA E FIXA A DESPESA DO MUNIC\u00cdPIO DE PALMEIRA PARA O EXERC\u00cdCIO DE 2016 E D\u00c1 OUTRAS PROVID\u00caNCIAS"}, {"id": "610", "ano": "2015", "numero": "4256", "tipo__sigla": "PL", "tipo__descricao": "Projeto de Lei", "autoria": "", "texto_original": "http://sapl.palmeira.pr.leg.br/media/./sapl/public/materialegislativa/2015/610/610_texto_integral.pdf", "ementa": "INSTITUI O PROGRAMA MUNICIPAL DE FOMENTO AO ESPORTE E DISP\u00d5E SOBRE A CONCESS\u00c3O DE INCENTIVOS PARA O INCREMENTO DO ESPORTE E CULTURA NO MUNIC\u00cdPIO DE PALMEIRA, ESTADO DO PARAN\u00c1 E D\u00c1 OUTRAS PROVID\u00caNCIAS"}, {"id": "611", "ano": "2015", "numero": "4257", "tipo__sigla": "PL", "tipo__descricao": "Projeto de Lei", "autoria": "", "texto_original": "http://sapl.palmeira.pr.leg.br/media/./sapl/public/materialegislativa/2015/611/611_texto_integral.pdf", "ementa": "EXTINGUE O FUNDO ESPECIAL DA C\u00c2MARA MUNICIPAL DE PALMEIRA E D\u00c1 OUTRAS PROVID\u00caNCIAS"}, {"id": "612", "ano": "2015", "numero": "4258", "tipo__sigla": "PL", "tipo__descricao": "Projeto de Lei", "autoria": "", "texto_original": "http://sapl.palmeira.pr.leg.br/media/./sapl/public/materialegislativa/2015/612/612_texto_integral.pdf", "ementa": "AUTORIZA A ABERTURA DE CR\u00c9DITO ADICIONAL SUPLEMENTAR E D\u00c1 OUTRAS PROVID\u00caNCIAS"}, {"id": "613", "ano": "2015", "numero": "4259", "tipo__sigla": "PL", "tipo__descricao": "Projeto de Lei", "autoria": "", "texto_original": "http://sapl.palmeira.pr.leg.br/media/./sapl/public/materialegislativa/2015/613/613_texto_integral.pdf", "ementa": "AUTORIZA A ABERTURA DE CR\u00c9DITO ADICIONAL SUPLEMENTAR E D\u00c1 OUTRAS PROVID\u00caNCIAS"}, {"id": "614", "ano": "2015", "numero": "4260", "tipo__sigla": "PL", "tipo__descricao": "Projeto de Lei", "autoria": "", "texto_original": "http://sapl.palmeira.pr.leg.br/media/./sapl/public/materialegislativa/2015/614/614_texto_integral.pdf", "ementa": "AUTORIZA A ABERTURA DE CR\u00c9DITO ADICIONAL SUPLEMENTAR E D\u00c1 OUTRAS PROVID\u00caNCIAS"}, {"id": "615", "ano": "2015", "numero": "4261", "tipo__sigla": "PL", "tipo__descricao": "Projeto de Lei", "autoria": "", "texto_original": "http://sapl.palmeira.pr.leg.br/media/./sapl/public/materialegislativa/2015/615/615_texto_integral.pdf", "ementa": "FIX OS SUBS\u00cdDIOS DOS VEREADORES DE PALMEIRA PARA A LEGISLATURA 2017 A 2020 E D\u00c1 OUTRAS PROVID\u00caNCIAS"}, {"id": "616", "ano": "2015", "numero": "4262", "tipo__sigla": "PL", "tipo__descricao": "Projeto de Lei", "autoria": "", "texto_original": "http://sapl.palmeira.pr.leg.br/media/./sapl/public/materialegislativa/2015/616/616_texto_integral.pdf", "ementa": "DISP\u00d5E SOBRE A FIXA\u00c7\u00c3O DO SUBS\u00cdDIO DO PREFEITO, VICE-PREFEITO E DOS SECRET\u00c1RIOS MUNIC\u00cdPAIS DE PALMEIRA, PARA A GEST\u00c3O DE 2017 A 2020 E D\u00c1 OUTRAS PROVID\u00caNCIAS"}, {"id": "617", "ano": "2015", "numero": "4263", "tipo__sigla": "PL", "tipo__descricao": "Projeto de Lei", "autoria": "", "texto_original": "http://sapl.palmeira.pr.leg.br/media/./sapl/public/materialegislativa/2015/617/617_texto_integral.pdf", "ementa": "AUTORIZA A ABERTURA DE CR\u00c9DITO ADICIONAL ESPECIAL E D\u00c1 OUTRAS PROVID\u00caNCIAS"}, {"id": "618", "ano": "2015", "numero": "4264", "tipo__sigla": "PL", "tipo__descricao": "Projeto de Lei", "autoria": "", "texto_original": "http://sapl.palmeira.pr.leg.br/media/./sapl/public/materialegislativa/2015/618/618_texto_integral.pdf", "ementa": "AUTORIZA A ABERTURA DE CR\u00c9DITO ADICIONAL SUPLEMENTAR E D\u00c1 OUTRAS PROVID\u00caNCIAS"}, {"id": "619", "ano": "2015", "numero": "4265", "tipo__sigla": "PL", "tipo__descricao": "Projeto de Lei", "autoria": "", "texto_original": "http://sapl.palmeira.pr.leg.br/media/./sapl/public/materialegislativa/2015/619/619_texto_integral.pdf", "ementa": "DISP\u00d5E SOBRE A DESAFETA\u00c7\u00c3O DA RUA 05 DO LOTEAMENTO DENOMINADO DISTRITO INDUSTRIAL DE PALMEIRA E D\u00c1 OUTRAS PROVID\u00caNCIAS"}, {"id": "620", "ano": "2015", "numero": "4266", "tipo__sigla": "PL", "tipo__descricao": "Projeto de Lei", "autoria": "", "texto_original": "http://sapl.palmeira.pr.leg.br/media/./sapl/public/materialegislativa/2015/620/620_texto_integral.pdf", "ementa": "INSTITUI A SEMANA DA CONSCI\u00caNCIA NEGRA NO MUNIC\u00cdPIO DE PALMEIRA"}, {"id": "621", "ano": "2015", "numero": "4267", "tipo__sigla": "PL", "tipo__descricao": "Projeto de Lei", "autoria": "", "texto_original": "http://sapl.palmeira.pr.leg.br/media/./sapl/public/materialegislativa/2015/621/621_texto_integral.pdf", "ementa": "CONCEDE O PR\u00caMIO CIDADE CLIMA DO BRASIL"}, {"id": "622", "ano": "2015", "numero": "4268", "tipo__sigla": "PL", "tipo__descricao": "Projeto de Lei", "autoria": "", "texto_original": "http://sapl.palmeira.pr.leg.br/media/./sapl/public/materialegislativa/2015/622/622_texto_integral.pdf", "ementa": "CONCEDE O PR\u00caMIO CIDADE CLIMA DO BRASIL"}, {"id": "623", "ano": "2015", "numero": "4269", "tipo__sigla": "PL", "tipo__descricao": "Projeto de Lei", "autoria": "", "texto_original": "http://sapl.palmeira.pr.leg.br/media/./sapl/public/materialegislativa/2015/623/623_texto_integral.pdf", "ementa": "ABRE VAGAS NO SERVI\u00c7O P\u00daBLICO MUNICIPAL E D\u00c1 OUTRAS PROVID\u00caNCIAS"}, {"id": "624", "ano": "2015", "numero": "4270", "tipo__sigla": "PL", "tipo__descricao": "Projeto de Lei", "autoria": "", "texto_original": "http://sapl.palmeira.pr.leg.br/media/./sapl/public/materialegislativa/2015/624/624_texto_integral.pdf", "ementa": "AUTORIZA A ABERTURA DE CR\u00c9DITO ADICIONAL ESPECIAL E D\u00c1 OUTRAS PROVID\u00caNCIAS"}, {"id": "625", "ano": "2015", "numero": "4271", "tipo__sigla": "PL", "tipo__descricao": "Projeto de Lei", "autoria": "", "texto_original": "http://sapl.palmeira.pr.leg.br/media/./sapl/public/materialegislativa/2015/625/625_texto_integral.pdf", "ementa": "AUTORIZA A ABERTURA DE CR\u00c9DITO ADICIONAL SUPLEMENTAR E D\u00c1 OUTRAS PROVID\u00caNCIAS"}, {"id": "626", "ano": "2015", "numero": "4272", "tipo__sigla": "PL", "tipo__descricao": "Projeto de Lei", "autoria": "", "texto_original": "http://sapl.palmeira.pr.leg.br/media/./sapl/public/materialegislativa/2015/626/626_texto_integral.pdf", "ementa": "INCLUI O PAR\u00c1GRAFO \u00daNICO AO ARTIGO 18 DA LEI 1987 DE 19/03/1999"}, {"id": "627", "ano": "2015", "numero": "4273", "tipo__sigla": "PL", "tipo__descricao": "Projeto de Lei", "autoria": "", "texto_original": "http://sapl.palmeira.pr.leg.br/media/./sapl/public/materialegislativa/2015/627/627_texto_integral.pdf", "ementa": "AUTORIZA A ABERTURA DE CR\u00c9DITO ADICIONAL SUPLEMENTAR E D\u00c1 OUTRAS PROVID\u00caNCIAS"}, {"id": "628", "ano": "2015", "numero": "4274", "tipo__sigla": "PL", "tipo__descricao": "Projeto de Lei", "autoria": "", "texto_original": "http://sapl.palmeira.pr.leg.br/media/./sapl/public/materialegislativa/2015/628/628_texto_integral.pdf", "ementa": "CONCEDE O PR\u00caMIO CIDADE CLIMA"}, {"id": "629", "ano": "2015", "numero": "4275", "tipo__sigla": "PL", "tipo__descricao": "Projeto de Lei", "autoria": "", "texto_original": "http://sapl.palmeira.pr.leg.br/media/./sapl/public/materialegislativa/2015/629/629_texto_integral.pdf", "ementa": "CONCEDE O PR\u00caMIO CIDADE CLIMA DO BRASIL"}, {"id": "630", "ano": "2015", "numero": "4276", "tipo__sigla": "PL", "tipo__descricao": "Projeto de Lei", "autoria": "", "texto_original": "http://sapl.palmeira.pr.leg.br/media/./sapl/public/materialegislativa/2015/630/630_texto_integral.pdf", "ementa": "CONCEDE O PR\u00caMIO CIDADE CLIMA DO BRASIL"}, {"id": "631", "ano": "2015", "numero": "4277", "tipo__sigla": "PL", "tipo__descricao": "Projeto de Lei", "autoria": "", "texto_original": "http://sapl.palmeira.pr.leg.br/media/./sapl/public/materialegislativa/2015/631/631_texto_integral.pdf", "ementa": "CONCEDE O PR\u00caMIO CIDADE CLIMA DO BRASIL"}, {"id": "632", "ano": "2015", "numero": "4278", "tipo__sigla": "PL", "tipo__descricao": "Projeto de Lei", "autoria": "", "texto_original": "http://sapl.palmeira.pr.leg.br/media/./sapl/public/materialegislativa/2015/632/632_texto_integral.pdf", "ementa": "AUTORIZA A ABERTURA DE CR\u00c9DITO ADICIONAL ESPECIAL E D\u00c1 OUTRAS PROVID\u00caNCIAS"}, {"id": "633", "ano": "2015", "numero": "4279", "tipo__sigla": "PL", "tipo__descricao": "Projeto de Lei", "autoria": "", "texto_original": "http://sapl.palmeira.pr.leg.br/media/./sapl/public/materialegislativa/2015/633/633_texto_integral.pdf", "ementa": "AUTORIZA A ABERTURA DE CR\u00c9DITO ADICIONAL ESPECIAL E D\u00c1 OUTRAS PROVID\u00caNCIAS"}, {"id": "634", "ano": "2015", "numero": "4280", "tipo__sigla": "PL", "tipo__descricao": "Projeto de Lei", "autoria": "", "texto_original": "http://sapl.palmeira.pr.leg.br/media/./sapl/public/materialegislativa/2015/634/634_texto_integral.pdf", "ementa": "REVOGA A LEI N\u00ba 3596 DE 20 DE DEZEMBRO DE 2013 E D\u00c1 OUTRAS PROVID\u00caNCIAS"}, {"id": "635", "ano": "2015", "numero": "4281", "tipo__sigla": "PL", "tipo__descricao": "Projeto de Lei", "autoria": "", "texto_original": "http://sapl.palmeira.pr.leg.br/media/./sapl/public/materialegislativa/2015/635/635_texto_integral.pdf", "ementa": "AUTORIZA A ABERTURA DE CR\u00c9DITO ADICIONAL ESPECIAL E D\u00c1 OUTRAS PROVID\u00caNCIAS"}, {"id": "636", "ano": "2015", "numero": "4282", "tipo__sigla": "PL", "tipo__descricao": "Projeto de Lei", "autoria": "", "texto_original": "http://sapl.palmeira.pr.leg.br/media/./sapl/public/materialegislativa/2015/636/636_texto_integral.pdf", "ementa": "AUTORIZA A ABERTURA DE CR\u00c9DITO ADICIONAL ESPECIAL E D\u00c1 OUTRAS PROVID\u00caNCIAS"}, {"id": "637", "ano": "2015", "numero": "4283", "tipo__sigla": "PL", "tipo__descricao": "Projeto de Lei", "autoria": "", "texto_original": "http://sapl.palmeira.pr.leg.br/media/./sapl/public/materialegislativa/2015/637/637_texto_integral.pdf", "ementa": "AUTORIZA A ABERTURA DE CR\u00c9DITO ADICIONAL ESPECIAL E D\u00c1 OUTRAS PROVID\u00caNCIAS"}, {"id": "638", "ano": "2015", "numero": "4284", "tipo__sigla": "PL", "tipo__descricao": "Projeto de Lei", "autoria": "", "texto_original": "http://sapl.palmeira.pr.leg.br/media/./sapl/public/materialegislativa/2015/638/638_texto_integral.pdf", "ementa": "AUTORIZA A ABERTURA DE CR\u00c9DITO ADICIONAL ESPECIAL E D\u00c1 OUTRAS PROVID\u00caNCIAS"}, {"id": "639", "ano": "2015", "numero": "4285", "tipo__sigla": "PL", "tipo__descricao": "Projeto de Lei", "autoria": "", "texto_original": "http://sapl.palmeira.pr.leg.br/media/./sapl/public/materialegislativa/2015/639/639_texto_integral.pdf", "ementa": "AUTORIZA A ABERTURA DE CR\u00c9DITO ADICIONAL ESPECIAL E D\u00c1 OUTRAS PROVID\u00caNCIAS"}, {"id": "640", "ano": "2015", "numero": "4286", "tipo__sigla": "PL", "tipo__descricao": "Projeto de Lei", "autoria": "", "texto_original": "http://sapl.palmeira.pr.leg.br/media/./sapl/public/materialegislativa/2015/640/640_texto_integral.pdf", "ementa": "AUTORIZA A ABERTURA DE CR\u00c9DITO ADICIONAL ESPECIAL E D\u00c1 OUTRAS PROVID\u00caNCIAS"}, {"id": "641", "ano": "2015", "numero": "4287", "tipo__sigla": "PL", "tipo__descricao": "Projeto de Lei", "autoria": "", "texto_original": "http://sapl.palmeira.pr.leg.br/media/./sapl/public/materialegislativa/2015/641/641_texto_integral.pdf", "ementa": "AUTORIZA O PODER EXECUTIVO MUNICIPAL A PROMOVER A CONCESS\u00c3O DA OPERACIONALIZA\u00c7\u00c3O DA USINA DE RECICLAGEM, SITUADA EM IM\u00d3VEL DE PROPRIEDADE DO MUNIC\u00cdPIO DE PALMEIRA E D\u00c1 OUTRAS PROVID\u00caNCIAS"}, {"id": "642", "ano": "2015", "numero": "4288", "tipo__sigla": "PL", "tipo__descricao": "Projeto de Lei", "autoria": "", "texto_original": "http://sapl.palmeira.pr.leg.br/media/./sapl/public/materialegislativa/2015/642/642_texto_integral.pdf", "ementa": "AUTORIZA O PODER EXECUTIVO A PERMUTAR IM\u00d3VEIS DE PROPRIEDADE DO MUNIC\u00cdPIO DE PALMEIRA E D\u00c1 OUTRAS PROVID\u00caNCIAS"}, {"id": "643", "ano": "2015", "numero": "4289", "tipo__sigla": "PL", "tipo__descricao": "Projeto de Lei", "autoria": "", "texto_original": "http://sapl.palmeira.pr.leg.br/media/./sapl/public/materialegislativa/2015/643/643_texto_integral.pdf", "ementa": "AUTORIZA O PODER EXECUTIVO A PROCEDER A DOA\u00c7\u00c3O DE IM\u00d3VEIS RURAIS E D\u00c1 OUTRAS PROVID\u00caNCIAS"}, {"id": "644", "ano": "2015", "numero": "4290", "tipo__sigla": "PL", "tipo__descricao": "Projeto de Lei", "autoria": "", "texto_original": "http://sapl.palmeira.pr.leg.br/media/./sapl/public/materialegislativa/2015/644/644_texto_integral.pdf", "ementa": "AUTORIZA A ABERTURA DE CR\u00c9DITO ADICIONAL ESPECIAL E D\u00c1 OUTRAS PROVID\u00caNCIAS"}, {"id": "645", "ano": "2015", "numero": "4291", "tipo__sigla": "PL", "tipo__descricao": "Projeto de Lei", "autoria": "", "texto_original": "http://sapl.palmeira.pr.leg.br/media/./sapl/public/materialegislativa/2015/645/645_texto_integral.pdf", "ementa": "ALTERA A LEI N\u00ba 2704 DE 04 DE ABRIL DE 2008 E D\u00c1 OUTRAS PROVID\u00caNCIAS"}, {"id": "646", "ano": "2015", "numero": "4292", "tipo__sigla": "PL", "tipo__descricao": "Projeto de Lei", "autoria": "", "texto_original": "http://sapl.palmeira.pr.leg.br/media/./sapl/public/materialegislativa/2015/646/646_texto_integral.pdf", "ementa": "AUTORIZA A ABERTURA DE CR\u00c9DITO ADICIONAL ESPECIAL E D\u00c1 OUTRAS PROVID\u00caNCIAS"}, {"id": "647", "ano": "2015", "numero": "4293", "tipo__sigla": "PL", "tipo__descricao": "Projeto de Lei", "autoria": "", "texto_original": "http://sapl.palmeira.pr.leg.br/media/./sapl/public/materialegislativa/2015/647/647_texto_integral.pdf", "ementa": "AUTORIZA A ABERTURA DE CR\u00c9DITO ADICIONAL SUPLEMENTAR E D\u00c1 OUTRAS PROVID\u00caNCIAS"}, {"id": "648", "ano": "2015", "numero": "4294", "tipo__sigla": "PL", "tipo__descricao": "Projeto de Lei", "autoria": "", "texto_original": "http://sapl.palmeira.pr.leg.br/media/./sapl/public/materialegislativa/2015/648/648_texto_integral.pdf", "ementa": "AUTORIZA A ABERTURA DE CR\u00c9DITO ADICIONAL SUPLEMENTAR E D\u00c1 OUTRAS PROVID\u00caNCIAS"}, {"id": "649", "ano": "2015", "numero": "4295", "tipo__sigla": "PL", "tipo__descricao": "Projeto de Lei", "autoria": "", "texto_original": "http://sapl.palmeira.pr.leg.br/media/./sapl/public/materialegislativa/2015/649/649_texto_integral.pdf", "ementa": "AUTORIZA A ABERTURA DE CR\u00c9DITO ADICIONAL SUPLEMENTAR E D\u00c1 OUTRAS PROVID\u00caNCIAS"}, {"id": "650", "ano": "2015", "numero": "4296", "tipo__sigla": "PL", "tipo__descricao": "Projeto de Lei", "autoria": "", "texto_original": "http://sapl.palmeira.pr.leg.br/media/./sapl/public/materialegislativa/2015/650/650_texto_integral.pdf", "ementa": "AUTORIZA A ABERTURA DE CR\u00c9DITO ADICIONAL ESPECIAL E D\u00c1 OUTRAS PROVID\u00caNCIAS"}, {"id": "651", "ano": "2015", "numero": "4297", "tipo__sigla": "PL", "tipo__descricao": "Projeto de Lei", "autoria": "", "texto_original": "http://sapl.palmeira.pr.leg.br/media/./sapl/public/materialegislativa/2015/651/651_texto_integral.pdf", "ementa": "AUTORIZA A ABERTURA DE CR\u00c9DITO ADICIONAL SUPLEMENTAR E D\u00c1 OUTRAS PROVID\u00caNCIAS"}, {"id": "652", "ano": "2015", "numero": "4298", "tipo__sigla": "PL", "tipo__descricao": "Projeto de Lei", "autoria": "", "texto_original": "http://sapl.palmeira.pr.leg.br/media/./sapl/public/materialegislativa/2015/652/652_texto_integral.pdf", "ementa": "AUTORIZA A ABERTURA DE CR\u00c9DITO ADICIONAL SUPLEMENTAR E D\u00c1 OUTRAS PROVID\u00caNCIAS"}, {"id": "653", "ano": "2015", "numero": "4299", "tipo__sigla": "PL", "tipo__descricao": "Projeto de Lei", "autoria": "", "texto_original": "http://sapl.palmeira.pr.leg.br/media/./sapl/public/materialegislativa/2015/653/653_texto_integral.pdf", "ementa": "DISP\u00d5E SOBRE O PRAGRAMA DE RECUPERA\u00c7\u00c3O DE CR\u00c9DITOS FISCAIS - REFIS/2015, NO MUNIC\u00cdPIO DE PALMEIRA E D\u00c1 OUTRAS PROVID\u00caNCIAS"}, {"id": "654", "ano": "2015", "numero": "4300", "tipo__sigla": "PL", "tipo__descricao": "Projeto de Lei", "autoria": "", "texto_original": "http://sapl.palmeira.pr.leg.br/media/./sapl/public/materialegislativa/2015/654/654_texto_integral.pdf", "ementa": "AUTORIZA A ABERTURA DE CR\u00c9DITO ADICIONAL SUPLEMENTAR E D\u00c1 OUTRAS PROVID\u00caNCIAS"}, {"id": "655", "ano": "2015", "numero": "4301", "tipo__sigla": "PL", "tipo__descricao": "Projeto de Lei", "autoria": "", "texto_original": "http://sapl.palmeira.pr.leg.br/media/./sapl/public/materialegislativa/2015/655/655_texto_integral.pdf", "ementa": "DISP\u00d5E SOBRE DENOMINA\u00c7\u00c3O DE RUA DA CIDADE E D\u00c1 OUTRAS PROVID\u00caNCIAS"}, {"id": "656", "ano": "2015", "numero": "4302", "tipo__sigla": "PL", "tipo__descricao": "Projeto de Lei", "autoria": "", "texto_original": "http://sapl.palmeira.pr.leg.br/media/./sapl/public/materialegislativa/2015/656/656_texto_integral.pdf", "ementa": "DISP\u00d5E SOBRE DENOMINA\u00c7\u00c3O DAS RUAS DO LOTEAMENTO BOA VISTA"}, {"id": "657", "ano": "2015", "numero": "4303", "tipo__sigla": "PL", "tipo__descricao": "Projeto de Lei", "autoria": "", "texto_original": "http://sapl.palmeira.pr.leg.br/media/./sapl/public/materialegislativa/2015/657/657_texto_integral.pdf", "ementa": "AUTORIZA  A ABERTURA DE CR\u00c9DITO ADICIONAL ESPECIAL E D\u00c1 OUTRAS PROVID\u00caNCIAS"}, {"id": "658", "ano": "2015", "numero": "4304", "tipo__sigla": "PL", "tipo__descricao": "Projeto de Lei", "autoria": "", "texto_original": "http://sapl.palmeira.pr.leg.br/media/./sapl/public/materialegislativa/2015/658/658_texto_integral.pdf", "ementa": "DISP\u00d5E SOBRE O PLANO DIRETOR DO MUNIC\u00cdPIO DE PALMEIRA E D\u00c1 OUTRAS PROVID\u00caNCIAS"}, {"id": "659", "ano": "2015", "numero": "4305", "tipo__sigla": "PL", "tipo__descricao": "Projeto de Lei", "autoria": "", "texto_original": "http://sapl.palmeira.pr.leg.br/media/./sapl/public/materialegislativa/2015/659/659_texto_integral.pdf", "ementa": "DISP\u00d5E SOBRE A DEFINI\u00c7\u00c3O DO PER\u00cdMETRO URBANO DE PALMEIRA E D\u00c1 OUTRAS PROVID\u00caNCIAS"}, {"id": "660", "ano": "2015", "numero": "4306", "tipo__sigla": "PL", "tipo__descricao": "Projeto de Lei", "autoria": "", "texto_original": "http://sapl.palmeira.pr.leg.br/media/./sapl/public/materialegislativa/2015/660/660_texto_integral.pdf", "ementa": "DISP\u00d5E SOBRE A DEFINI\u00c7\u00c3O DOS LIMITES DO PER\u00cdMETRO URBANO DE PAPAGAIOS NOVOS, DISTRITO DO MUNIC\u00cdPIO DE PALMEIRA E D\u00c1 OUTRAS PROVID\u00caNCIAS"}, {"id": "661", "ano": "2015", "numero": "4307", "tipo__sigla": "PL", "tipo__descricao": "Projeto de Lei", "autoria": "", "texto_original": "http://sapl.palmeira.pr.leg.br/media/./sapl/public/materialegislativa/2015/661/661_texto_integral.pdf", "ementa": "DISP\u00d5E SOBRE A DEFINI\u00c7\u00c3O DOS LIMITES DO PER\u00cdMETRO URBANO DE WITMARSUM, MUNIC\u00cdPIO DE PALMEIRA E D\u00c1 OUTRAS PROVID\u00caNCIAS"}, {"id": "662", "ano": "2015", "numero": "4308", "tipo__sigla": "PL", "tipo__descricao": "Projeto de Lei", "autoria": "", "texto_original": "http://sapl.palmeira.pr.leg.br/media/./sapl/public/materialegislativa/2015/662/662_texto_integral.pdf", "ementa": "AUTORIZA A ABERTURA DE CR\u00c9DITO ADICIONAL ESPECIAL E D\u00c1 OUTRAS PROVID\u00caNCIAS"}, {"id": "663", "ano": "2015", "numero": "4309", "tipo__sigla": "PL", "tipo__descricao": "Projeto de Lei", "autoria": "", "texto_original": "http://sapl.palmeira.pr.leg.br/media/./sapl/public/materialegislativa/2015/663/663_texto_integral.pdf", "ementa": "AUTORIZA A ABERTURA DE CR\u00c9DITO ADICIONAL ESPECIAL E D\u00c1 OUTRAS PROVID\u00caNCIAS"}, {"id": "664", "ano": "2015", "numero": "4310", "tipo__sigla": "PL", "tipo__descricao": "Projeto de Lei", "autoria": "", "texto_original": "http://sapl.palmeira.pr.leg.br/media/./sapl/public/materialegislativa/2015/664/664_texto_integral.pdf", "ementa": "ABRE VAGAS NO SERVI\u00c7O P\u00daBLICO MUNICIPAL E D\u00c1 OUTRAS PROVID\u00caNCIAS"}, {"id": "665", "ano": "2015", "numero": "4311", "tipo__sigla": "PL", "tipo__descricao": "Projeto de Lei", "autoria": "", "texto_original": "http://sapl.palmeira.pr.leg.br/media/./sapl/public/materialegislativa/2015/665/665_texto_integral.pdf", "ementa": "RATIFICA O PROTOCOLO DE INTEN\u00c7\u00d5ES E AUTORIZA O INGRESSO DA C\u00c2MARA MUNICIPAL DE DO MUNIC\u00cdPIO DE PALMEIRA NA ASSOCIA\u00c7\u00c3O CONSORCIAL DE C\u00c2MARAS DO ESTADO DO PARAN\u00c1 - ACCAMPAR, E D\u00c1 OUTRAS PROVID\u00caNCIAS"}, {"id": "666", "ano": "2015", "numero": "4312", "tipo__sigla": "PL", "tipo__descricao": "Projeto de Lei", "autoria": "", "texto_original": "http://sapl.palmeira.pr.leg.br/media/./sapl/public/materialegislativa/2015/666/666_texto_integral.pdf", "ementa": "AUTORIZA A ABERTURA DE CR\u00c9DITO ADICIONAL ESPECIAL E D\u00c1 OUTRAS PROVID\u00caNCIAS"}, {"id": "667", "ano": "2015", "numero": "4313", "tipo__sigla": "PL", "tipo__descricao": "Projeto de Lei", "autoria": "", "texto_original": "http://sapl.palmeira.pr.leg.br/media/./sapl/public/materialegislativa/2015/667/667_texto_integral.pdf", "ementa": "AUTORIZA A ABERTURA DE CR\u00c9DITO ADICIONAL ESPECIAL E D\u00c1 OUTRAS PROVID\u00caNCIAS"}, {"id": "668", "ano": "2015", "numero": "4314", "tipo__sigla": "PL", "tipo__descricao": "Projeto de Lei", "autoria": "", "texto_original": "http://sapl.palmeira.pr.leg.br/media/./sapl/public/materialegislativa/2015/668/668_texto_integral.pdf", "ementa": "AUTORIZA O PODER EXECUTIVO MUNICIPAL A PROMOVER LEIL\u00c3O COM A FINALIDADE DE ALIENAR VE\u00cdCULOS INSERV\u00cdVEIS AO MUNIC\u00cdPIO E D\u00c1 OUTRAS PROVID\u00caNCIAS"}, {"id": "669", "ano": "2015", "numero": "4315", "tipo__sigla": "PL", "tipo__descricao": "Projeto de Lei", "autoria": "", "texto_original": "http://sapl.palmeira.pr.leg.br/media/./sapl/public/materialegislativa/2015/669/669_texto_integral.pdf", "ementa": "CONCEDE INCENTIVO DE INFRAESTRUTURA \u00c0 EMPRESA BASTON DO BRASIL PRODUTOS QU\u00cdMICOS LTDA. E D\u00c1 OUTRAS PROVID\u00caNCIAS"}, {"id": "670", "ano": "2015", "numero": "4316", "tipo__sigla": "PL", "tipo__descricao": "Projeto de Lei", "autoria": "", "texto_original": "http://sapl.palmeira.pr.leg.br/media/./sapl/public/materialegislativa/2015/670/670_texto_integral.pdf", "ementa": "AUTORIZA O PODER EXECUTIVO A PERMUTAR \u00c1REA DE TERRENO DO MUNIC\u00cdPIO E D\u00c1 OUTRAS PROVID\u00caNCIAS"}, {"id": "671", "ano": "2015", "numero": "4317", "tipo__sigla": "PL", "tipo__descricao": "Projeto de Lei", "autoria": "", "texto_original": "http://sapl.palmeira.pr.leg.br/media/./sapl/public/materialegislativa/2015/671/671_texto_integral.pdf", "ementa": "ALTERA DISPOSITIVOS DA LEI N\u00ba 3636 DE 27 DE MAR\u00c7O DE 2014, E D\u00c1 OUTRAS PROVID\u00caNCIAS"}, {"id": "672", "ano": "2015", "numero": "4318", "tipo__sigla": "PL", "tipo__descricao": "Projeto de Lei", "autoria": "", "texto_original": "http://sapl.palmeira.pr.leg.br/media/./sapl/public/materialegislativa/2015/672/672_texto_integral.pdf", "ementa": "ALTERA E REVOGA DISPOSITIVOS DA LEI N\u00ba 3666 DE MAIO DE 2014 E D\u00c1 OUTRAS PROVID\u00caNCIAS"}, {"id": "673", "ano": "2015", "numero": "4319", "tipo__sigla": "PL", "tipo__descricao": "Projeto de Lei", "autoria": "", "texto_original": "http://sapl.palmeira.pr.leg.br/media/./sapl/public/materialegislativa/2015/673/673_texto_integral.pdf", "ementa": "AUTORIZA A ABERTURA DE CR\u00c9DITO ADICIONAL ESPECIAL E D\u00c1 OUTRAS PROVID\u00caNCIAS"}, {"id": "674", "ano": "2015", "numero": "4320", "tipo__sigla": "PL", "tipo__descricao": "Projeto de Lei", "autoria": "", "texto_original": "http://sapl.palmeira.pr.leg.br/media/./sapl/public/materialegislativa/2015/674/674_texto_integral.pdf", "ementa": "AUTORIZA A ABERTURA DE CR\u00c9DITO ADICIONAL ESPECIAL E D\u00c1 OUTRAS PROVID\u00caNCIAS"}, {"id": "675", "ano": "2015", "numero": "4321", "tipo__sigla": "PL", "tipo__descricao": "Projeto de Lei", "autoria": "", "texto_original": "http://sapl.palmeira.pr.leg.br/media/./sapl/public/materialegislativa/2015/675/675_texto_integral.pdf", "ementa": "AUTORIZA A ABERTURA DE CR\u00c9DITO ADICIONAL SUPLEMENTAR E D\u00c1 OUTRAS PROVID\u00caNCIAS"}, {"id": "676", "ano": "2015", "numero": "4322", "tipo__sigla": "PL", "tipo__descricao": "Projeto de Lei", "autoria": "", "texto_original": "http://sapl.palmeira.pr.leg.br/media/./sapl/public/materialegislativa/2015/676/676_texto_integral.pdf", "ementa": "AUTORIZA O PODER EXECUTIVO A REPARAR DANOS CAUSADOS EM DECORR\u00caNCIA DA EXECU\u00c7\u00c3O DE OBRA P\u00daBLICA, A JUVENTUDE ATL\u00c9TICA PALMEIRENSE - JAP, E D\u00c1 OUTRAS PROVID\u00caNCIAS"}, {"id": "677", "ano": "2015", "numero": "4323", "tipo__sigla": "PL", "tipo__descricao": "Projeto de Lei", "autoria": "", "texto_original": "http://sapl.palmeira.pr.leg.br/media/./sapl/public/materialegislativa/2015/677/677_texto_integral.pdf", "ementa": "AUTORIZA A ABERTURA DE CR\u00c9DITO ADICIONAL SUPLEMENTAR E D\u00c1 OUTRAS PROVID\u00caNCIAS"}, {"id": "678", "ano": "2015", "numero": "4324", "tipo__sigla": "PL", "tipo__descricao": "Projeto de Lei", "autoria": "", "texto_original": "http://sapl.palmeira.pr.leg.br/media/./sapl/public/materialegislativa/2015/678/678_texto_integral.pdf", "ementa": "AUTORIZA A ABERTURA DE CR\u00c9DITO ADICIONAL ESPECIAL E D\u00c1 OUTRAS PROVID\u00caNCIAS"}, {"id": "679", "ano": "2015", "numero": "4325", "tipo__sigla": "PL", "tipo__descricao": "Projeto de Lei", "autoria": "", "texto_original": "http://sapl.palmeira.pr.leg.br/media/./sapl/public/materialegislativa/2015/679/679_texto_integral.pdf", "ementa": "AUTORIZA A ABERTURA DE CR\u00c9DITO ADICIONAL ESPECIAL E D\u00c1 OUTRAS PROVID\u00caNCIAS"}, {"id": "680", "ano": "2015", "numero": "4326", "tipo__sigla": "PL", "tipo__descricao": "Projeto de Lei", "autoria": "", "texto_original": "http://sapl.palmeira.pr.leg.br/media/./sapl/public/materialegislativa/2015/680/680_texto_integral.pdf", "ementa": "ALTERA DISPOSITIVOS DA LEI N\u00ba 2274 DE 10 DE JULHO DE 2003, E D\u00c1 OUTRAS PROVID\u00caNCIAS"}, {"id": "681", "ano": "2015", "numero": "4327", "tipo__sigla": "PL", "tipo__descricao": "Projeto de Lei", "autoria": "", "texto_original": "http://sapl.palmeira.pr.leg.br/media/./sapl/public/materialegislativa/2015/681/681_texto_integral.pdf", "ementa": "AUTORIZA A ABERTURA DE CR\u00c9DITO ADICIONAL SUPLEMENTAR E D\u00c1 OUTRAS PROVID\u00caNCIAS"}, {"id": "682", "ano": "2015", "numero": "4328", "tipo__sigla": "PL", "tipo__descricao": "Projeto de Lei", "autoria": "", "texto_original": "http://sapl.palmeira.pr.leg.br/media/./sapl/public/materialegislativa/2015/682/682_texto_integral.pdf", "ementa": "AUTORIZA A ABERTURA DE CR\u00c9DITO ADICIONAL SUPLEMENTAR E D\u00c1 OUTRAS PROVID\u00caNCIAS"}, {"id": "683", "ano": "2015", "numero": "4329", "tipo__sigla": "PL", "tipo__descricao": "Projeto de Lei", "autoria": "", "texto_original": "http://sapl.palmeira.pr.leg.br/media/./sapl/public/materialegislativa/2015/683/683_texto_integral.pdf", "ementa": "CONSTITUI O COMIT\u00ca DE GEST\u00c3O INTERSETORIAL DE DENGUE DO MUNIC\u00cdPIO DE PALMEIRA E D\u00c1 OUTRAS PROVID\u00caNCIAS"}, {"id": "684", "ano": "2015", "numero": "4340", "tipo__sigla": "PL", "tipo__descricao": "Projeto de Lei", "autoria": "", "texto_original": "http://sapl.palmeira.pr.leg.br/media/./sapl/public/materialegislativa/2015/684/684_texto_integral.pdf", "ementa": "AUTORIZA A ABERTURA DE CR\u00c9DITO ADICIONAL SUPLEMENTAR E D\u00c1 OUTRAS PROVID\u00caNCIAS"}, {"id": "685", "ano": "2015", "numero": "4341", "tipo__sigla": "PL", "tipo__descricao": "Projeto de Lei", "autoria": "", "texto_original": "http://sapl.palmeira.pr.leg.br/media/./sapl/public/materialegislativa/2015/685/685_texto_integral.pdf", "ementa": "INSTITUI A OBRIGATORIEDADE DA EXECU\u00c7\u00c3O DOS HINOS NACIONAL BRASILEIRO E MUNICIPAL DE PALMEIRA, NAS ESCOLAS P\u00daBLICAS E PARTICULARES DE ENSINO FUNDAMENTAL I E II E ENSINO M\u00c9DIO NO MUNIC\u00cdPIO DE PALMEIRA E D\u00c1 OUTRAS PROVID\u00caNCIAS"}, {"id": "686", "ano": "2015", "numero": "4342", "tipo__sigla": "PL", "tipo__descricao": "Projeto de Lei", "autoria": "", "texto_original": "http://sapl.palmeira.pr.leg.br/media/./sapl/public/materialegislativa/2015/686/686_texto_integral.pdf", "ementa": "TORNA OBRIGAT\u00d3RIO O PLANEJAMENTO PR\u00c9VIO POR MEIO DO PLANO DE EVACUA\u00c7\u00c3O PARA SITUA\u00c7\u00c3O DE EMERG\u00caNCIAS E O EFETIVO TREINAMENTO PARA EVACUA\u00c7\u00d5ES EMERGENCIAIS NA REDE DE ENSINO P\u00daBLICO E PARTICULAR DO MUNIC\u00cdPIO DE PALMEIRA E D\u00c1 OUTRAS PROVID\u00caNCIAS"}, {"id": "687", "ano": "2015", "numero": "4343", "tipo__sigla": "PL", "tipo__descricao": "Projeto de Lei", "autoria": "", "texto_original": "http://sapl.palmeira.pr.leg.br/media/./sapl/public/materialegislativa/2015/687/687_texto_integral.pdf", "ementa": "AUTORIZA A ABERTURA DE CR\u00c9DITO ADICIONAL ESPECIAL E D\u00c1 OUTRAS PROVID\u00caNCIAS"}, {"id": "688", "ano": "2015", "numero": "4344", "tipo__sigla": "PL", "tipo__descricao": "Projeto de Lei", "autoria": "", "texto_original": "http://sapl.palmeira.pr.leg.br/media/./sapl/public/materialegislativa/2015/688/688_texto_integral.pdf", "ementa": "AUTORIZA A ABERTURA DE CR\u00c9DITO ADICIONAL SUPLEMENTAR E D\u00c1 OUTRAS PROVID\u00caNCIAS"}, {"id": "689", "ano": "2015", "numero": "4345", "tipo__sigla": "PL", "tipo__descricao": "Projeto de Lei", "autoria": "", "texto_original": "http://sapl.palmeira.pr.leg.br/media/./sapl/public/materialegislativa/2015/689/689_texto_integral.pdf", "ementa": "AUTORIZA A ABERTURA DE CR\u00c9DITO ADICIONAL ESPECIAL E D\u00c1 OUTRAS PROVID\u00caNCIAS"}, {"id": "690", "ano": "2015", "numero": "4346", "tipo__sigla": "PL", "tipo__descricao": "Projeto de Lei", "autoria": "", "texto_original": "http://sapl.palmeira.pr.leg.br/media/./sapl/public/materialegislativa/2015/690/690_texto_integral.pdf", "ementa": "AUTORIZA A ABERTURA DE CR\u00c9DITO ADICIONAL SUPLEMENTAR E D\u00c1 OUTRAS PROVID\u00caNCIAS"}, {"id": "691", "ano": "2015", "numero": "4347", "tipo__sigla": "PL", "tipo__descricao": "Projeto de Lei", "autoria": "", "texto_original": "http://sapl.palmeira.pr.leg.br/media/./sapl/public/materialegislativa/2015/691/691_texto_integral.pdf", "ementa": "AUTORIZA A ABERTURA DE CR\u00c9DITO ADICIONAL ESPECIAL E D\u00c1 OUTRAS PROVID\u00caNCIAS"}, {"id": "692", "ano": "2015", "numero": "4348", "tipo__sigla": "PL", "tipo__descricao": "Projeto de Lei", "autoria": "", "texto_original": "http://sapl.palmeira.pr.leg.br/media/./sapl/public/materialegislativa/2015/692/692_texto_integral.pdf", "ementa": "AUTORIZA A ABERTURA DE CR\u00c9DITO ADICIONAL ESPECIAL E D\u00c1 OUTRAS PROVID\u00caNCIAS"}, {"id": "693", "ano": "2015", "numero": "4349", "tipo__sigla": "PL", "tipo__descricao": "Projeto de Lei", "autoria": "", "texto_original": "http://sapl.palmeira.pr.leg.br/media/./sapl/public/materialegislativa/2015/693/693_texto_integral.pdf", "ementa": "AUTORIZA A ABERTURA DE CR\u00c9DITO ADICIONAL SUPLEMENTAR E D\u00c1 OUTRAS PROVID\u00caNCIAS"}, {"id": "694", "ano": "2015", "numero": "4350", "tipo__sigla": "PL", "tipo__descricao": "Projeto de Lei", "autoria": "", "texto_original": "http://sapl.palmeira.pr.leg.br/media/./sapl/public/materialegislativa/2015/694/694_texto_integral.pdf", "ementa": "AUTORIZA A ABERTURA DE CR\u00c9DITO ADICIONAL SUPLEMENTAR E D\u00c1 OUTRAS PROVID\u00caNCIAS"}, {"id": "695", "ano": "2015", "numero": "4351", "tipo__sigla": "PL", "tipo__descricao": "Projeto de Lei", "autoria": "", "texto_original": "http://sapl.palmeira.pr.leg.br/media/./sapl/public/materialegislativa/2015/695/695_texto_integral.pdf", "ementa": "AUTORIZA O PODER EXECUTIVO MUNICIPAL A CONTRATAR OPERA\u00c7\u00d5ES DE CR\u00c9DITO COM A AG\u00caNCIA DE FOMENTO DO PARAN\u00c1 S.A."}, {"id": "696", "ano": "2015", "numero": "4352", "tipo__sigla": "PL", "tipo__descricao": "Projeto de Lei", "autoria": "", "texto_original": "http://sapl.palmeira.pr.leg.br/media/./sapl/public/materialegislativa/2015/696/696_texto_integral.pdf", "ementa": "INSTITUI O PLANO DE CARGOS, CARREIRA E SAL\u00c1RIOS DOS SERVIRORES P\u00daBLICOS EFETIVOS DO QUADRO DE PESSOAL CIVIL ESTATUT\u00c1RIO DA ADMINISTRA\u00c7\u00c3O DIRETA E INDIRETA DO PODER EXECUTIVO MUNICIPAL, FIXA SUAS DIRETRIZES E D\u00c1 OUTRAS PROVID\u00caNCIAS"}, {"id": "697", "ano": "2015", "numero": "4353", "tipo__sigla": "PL", "tipo__descricao": "Projeto de Lei", "autoria": "", "texto_original": "http://sapl.palmeira.pr.leg.br/media/./sapl/public/materialegislativa/2015/697/697_texto_integral.pdf", "ementa": "INSTITUI O PLANO DE CARGOS, CARREIRA E SAL\u00c1RIOS DO QUADOR PR\u00d3PRIO DO MAGIST\u00c9RIO P\u00daBLICO MUNICIPAL E D\u00c1 OUTRAS PROVID\u00caNCIAS"}, {"id": "698", "ano": "2015", "numero": "4354", "tipo__sigla": "PL", "tipo__descricao": "Projeto de Lei", "autoria": "", "texto_original": "http://sapl.palmeira.pr.leg.br/media/./sapl/public/materialegislativa/2015/698/698_texto_integral.pdf", "ementa": "AUTORIZA A ABERTURA DE CR\u00c9DITO ADICIONAL SUPLEMENTAR E D\u00c1 OUTRAS PROVID\u00caNCIAS"}, {"id": "699", "ano": "2015", "numero": "4355", "tipo__sigla": "PL", "tipo__descricao": "Projeto de Lei", "autoria": "", "texto_original": "http://sapl.palmeira.pr.leg.br/media/./sapl/public/materialegislativa/2015/699/699_texto_integral.pdf", "ementa": "AUTORIZA A ABERTURA DE CR\u00c9DITO ADICIONAL ESPECIAL E D\u00c1 OUTRAS PROVID\u00caNCIAS"}, {"id": "700", "ano": "2015", "numero": "4356", "tipo__sigla": "PL", "tipo__descricao": "Projeto de Lei", "autoria": "", "texto_original": "http://sapl.palmeira.pr.leg.br/media/./sapl/public/materialegislativa/2015/700/700_texto_integral.pdf", "ementa": "AUTORIZA A ABERTURA DE CR\u00c9DITO ADICIONAL SUPLEMENTAR E D\u00c1 OUTRAS PROVID\u00caNCIAS"}, {"id": "701", "ano": "2015", "numero": "4357", "tipo__sigla": "PL", "tipo__descricao": "Projeto de Lei", "autoria": "", "texto_original": "http://sapl.palmeira.pr.leg.br/media/./sapl/public/materialegislativa/2015/701/701_texto_integral.pdf", "ementa": "AUTORIZA A ABERTURA DE CR\u00c9DITO ADICIONAL SUPLEMENTAR E D\u00c1 OUTRAS PROVID\u00caNCIAS"}, {"id": "702", "ano": "2015", "numero": "4358", "tipo__sigla": "PL", "tipo__descricao": "Projeto de Lei", "autoria": "", "texto_original": "http://sapl.palmeira.pr.leg.br/media/./sapl/public/materialegislativa/2015/702/702_texto_integral.pdf", "ementa": "AUTORIZA O PODER EXECUTIVO MUNICIPAL A CONTRIBUIR MENSALMENTE COM A ASSOCIA\u00c7\u00c3O DOS MUNIC\u00cdPIOS DO PARAN\u00c1 - AMP"}, {"id": "703", "ano": "2015", "numero": "4359", "tipo__sigla": "PL", "tipo__descricao": "Projeto de Lei", "autoria": "", "texto_original": "http://sapl.palmeira.pr.leg.br/media/./sapl/public/materialegislativa/2015/703/703_texto_integral.pdf", "ementa": "DISP\u00d5E SOBRE A PERMISS\u00c3O DE USO, A T\u00cdTULO PREC\u00c1RIO E GRATUITO, DE IM\u00d3VEIS QUE ESPECIFICA E D\u00c1 OUTRAS PROVID\u00caNCIAS"}, {"id": "704", "ano": "2015", "numero": "4360", "tipo__sigla": "PL", "tipo__descricao": "Projeto de Lei", "autoria": "", "texto_original": "http://sapl.palmeira.pr.leg.br/media/./sapl/public/materialegislativa/2015/704/704_texto_integral.pdf", "ementa": "AUTORIZA A ABERTURA DE CR\u00c9DITO ADICIONAL ESPECIAL E D\u00c1 OUTRAS PROVID\u00caNCIAS"}, {"id": "705", "ano": "2015", "numero": "4361", "tipo__sigla": "PL", "tipo__descricao": "Projeto de Lei", "autoria": "", "texto_original": "http://sapl.palmeira.pr.leg.br/media/./sapl/public/materialegislativa/2015/705/705_texto_integral.pdf", "ementa": "AUTORIZA A ABERTURA DE CR\u00c9DITO ADICIONAL ESPECIAL E D\u00c1 OUTRAS PROVID\u00caNCIAS"}, {"id": "706", "ano": "2015", "numero": "4362", "tipo__sigla": "PL", "tipo__descricao": "Projeto de Lei", "autoria": "", "texto_original": "http://sapl.palmeira.pr.leg.br/media/./sapl/public/materialegislativa/2015/706/706_texto_integral.pdf", "ementa": "AUTORIZA A ABERTURA DE CR\u00c9DITO ADICIONAL SUPLEMENTAR E D\u00c1 OUTRAS PROVID\u00caNCIAS"}, {"id": "707", "ano": "2015", "numero": "4363", "tipo__sigla": "PL", "tipo__descricao": "Projeto de Lei", "autoria": "", "texto_original": "http://sapl.palmeira.pr.leg.br/media/./sapl/public/materialegislativa/2015/707/707_texto_integral.pdf", "ementa": "AUTORIZA A ABERTURA DE CR\u00c9DITO ADICIONAL SUPLEMENTAR E D\u00c1 OUTRAS PROVID\u00caNCIAS"}, {"id": "708", "ano": "2015", "numero": "4364", "tipo__sigla": "PL", "tipo__descricao": "Projeto de Lei", "autoria": "", "texto_original": "http://sapl.palmeira.pr.leg.br/media/./sapl/public/materialegislativa/2015/708/708_texto_integral.pdf", "ementa": "AUTORIZA A ABERTURA DE CR\u00c9DITO ADICIONAL SUPLEMENTAR E D\u00c1 OUTRAS PROVID\u00caNCIAS"}, {"id": "709", "ano": "2015", "numero": "4365", "tipo__sigla": "PL", "tipo__descricao": "Projeto de Lei", "autoria": "", "texto_original": "http://sapl.palmeira.pr.leg.br/media/./sapl/public/materialegislativa/2015/709/709_texto_integral.pdf", "ementa": "AUTORIZA A ABERTURA DE CR\u00c9DITO ADICIONAL ESPECIAL E D\u00c1 OUTRAS PROVID\u00caNCIAS"}, {"id": "710", "ano": "2015", "numero": "4366", "tipo__sigla": "PL", "tipo__descricao": "Projeto de Lei", "autoria": "", "texto_original": "http://sapl.palmeira.pr.leg.br/media/./sapl/public/materialegislativa/2015/710/710_texto_integral.pdf", "ementa": "AUTORIZA A ABERTURA DE CR\u00c9DITO ADICIONAL SUPLEMENTAR E D\u00c1 OUTRAS PROVID\u00caNCIAS"}, {"id": "711", "ano": "2015", "numero": "4367", "tipo__sigla": "PL", "tipo__descricao": "Projeto de Lei", "autoria": "", "texto_original": "http://sapl.palmeira.pr.leg.br/media/./sapl/public/materialegislativa/2015/711/711_texto_integral.pdf", "ementa": "AUTORIZA O PODER EXECUTIVO A PROCEDER A AMORTIZA\u00c7\u00c3O DO D\u00c9BITO ATUARIAL DO REGIME PR\u00d3PRIO DE PREVID\u00caNCIA SOCIAL - RPPS, MEDIANTE DA\u00c7\u00c3O EM PAGAMENTO, E D\u00c1 OUTRAS PROVID\u00caNCIAS"}, {"id": "712", "ano": "2015", "numero": "4368", "tipo__sigla": "PL", "tipo__descricao": "Projeto de Lei", "autoria": "", "texto_original": "http://sapl.palmeira.pr.leg.br/media/./sapl/public/materialegislativa/2015/712/712_texto_integral.pdf", "ementa": "ACRESCENTA DISPOSITIVOS \u00c0 LEI N\u00ba 2404 DE 30 DE SETEMBRO DE 2005, QUE DISP\u00d5E SOBRE A REORGANIZA\u00c7\u00c3O DO REGIME PR\u00d3PRIO DE PREVID\u00caNCIA SOCIAL E D\u00c1 OUTRAS PROVID\u00caNCIAS"}, {"id": "713", "ano": "2015", "numero": "4369", "tipo__sigla": "PL", "tipo__descricao": "Projeto de Lei", "autoria": "", "texto_original": "http://sapl.palmeira.pr.leg.br/media/./sapl/public/materialegislativa/2015/713/713_texto_integral.pdf", "ementa": "ALTERA A LETRA G DAS OBSERVA\u00c7\u00d5ES ATINENTES AO ANEXO II DA LEI MUNIC\u00cdPAL N\u00ba 1201 DE 15 DE DEZEMBRO DE 1986 - LEI QUE DISP\u00d5E SOBRE O ZONEAMENTO DE USO E OCUPA\u00c7\u00c3O DO SOLO DO MUNIC\u00cdPIO DE PALMEIRA E D\u00c1 OUTRAS PROVID\u00caNCIAS"}, {"id": "714", "ano": "2015", "numero": "4370", "tipo__sigla": "PL", "tipo__descricao": "Projeto de Lei", "autoria": "", "texto_original": "http://sapl.palmeira.pr.leg.br/media/./sapl/public/materialegislativa/2015/714/714_texto_integral.pdf", "ementa": "CONCEDE INCENTIVOS TRIBUT\u00c1RIOS \u00c0 EMPRESA DE PAULA HOT\u00c9IS - LTDA, E D\u00c1 OUTRAS PROVID\u00caNCIAS"}, {"id": "715", "ano": "2015", "numero": "4371", "tipo__sigla": "PL", "tipo__descricao": "Projeto de Lei", "autoria": "", "texto_original": "http://sapl.palmeira.pr.leg.br/media/./sapl/public/materialegislativa/2015/715/715_texto_integral.pdf", "ementa": "DISP\u00d5E SOBRE ALTERA\u00c7\u00c3O DA REDA\u00c7\u00c3O DO ARTIGO 3\u00ba DA LEI 4028 DE 04/12/2015 E D\u00c1 OUTRAS PROVID\u00caNCIAS"}, {"id": "716", "ano": "2015", "numero": "4372", "tipo__sigla": "PL", "tipo__descricao": "Projeto de Lei", "autoria": "", "texto_original": "http://sapl.palmeira.pr.leg.br/media/./sapl/public/materialegislativa/2015/716/716_texto_integral.pdf", "ementa": "DISP\u00d5E SOBRE O REAJUSTE SALARIAL DOS SERVIDORES P\u00daBLICOS EFETIVOS, ATIVOS E INATIVOS, DETENTORES DE EMPREGO P\u00daBLICO E COMISSIONADOS DO MUNIC\u00cdPIO DE PALMEIRA E D\u00c1 OUTRAS PROVID\u00caNCIAS"}, {"id": "717", "ano": "2015", "numero": "4373", "tipo__sigla": "PL", "tipo__descricao": "Projeto de Lei", "autoria": "", "texto_original": "http://sapl.palmeira.pr.leg.br/media/./sapl/public/materialegislativa/2015/717/717_texto_integral.pdf", "ementa": "AUTORIZA O PODER EXECUTIVO MUNICIPAL A ATUALIZAR A PLANTA GEN\u00c9RICA DE VALORES DOS IM\u00d3VEIS SITUADOS NO QUADRO URBANO E D\u00c1 OUTRAS PROVID\u00caNCIAS"}, {"id": "718", "ano": "2015", "numero": "4374", "tipo__sigla": "PL", "tipo__descricao": "Projeto de Lei", "autoria": "", "texto_original": "http://sapl.palmeira.pr.leg.br/media/./sapl/public/materialegislativa/2015/718/718_texto_integral.pdf", "ementa": "DISP\u00d5E SOBRE A APLICA\u00c7\u00c3O DA LEI MUNICIPAL QUE TRATA DO REAJUSTE SALARIAL DOS SERVIDORES P\u00daBLICOS EFETIVOS, ATIVOS E INATIVOS, DETENTORES DE EMPREGO P\u00daBLICO E COMISSIONADOS DO MUNIC\u00cdPIO DE PALMEIRA, PARA O ANO DE 2016"}, {"id": "719", "ano": "2015", "numero": "4375", "tipo__sigla": "PL", "tipo__descricao": "Projeto de Lei", "autoria": "", "texto_original": "http://sapl.palmeira.pr.leg.br/media/./sapl/public/materialegislativa/2015/719/719_texto_integral.pdf", "ementa": "DISP\u00d5E SOBRE O RAJUSTE DO SUBS\u00cdDIO DOS AGENTES POL\u00cdTICOS DO PODER EXECUTIVO E DO PODER LEGISLATIVO, EM RAZ\u00c3O DE RECOMPOSI\u00c7\u00c3O DA PERDA INFLACION\u00c1RIA BASEADA NO \u00cdNDICE INPC, E D\u00c1 OUTRAS PROVID\u00caNCIAS"}, {"id": "720", "ano": "2015", "numero": "4376", "tipo__sigla": "PL", "tipo__descricao": "Projeto de Lei", "autoria": "", "texto_original": "http://sapl.palmeira.pr.leg.br/media/./sapl/public/materialegislativa/2015/720/720_texto_integral.pdf", "ementa": "DISP\u00d5E SOBRE A ADO\u00c7\u00c3O DE MEDIDAS PREVENTIVAS NO MUNIC\u00cdPIO DE PALMEIRA, QUANTO \u00c1 PROLIFERAL\u00c3O DOS MOSQUITOS AEDES AEGYPTI E AEDES ALBOPICTUS, DO V\u00cdRUS DA DENGUE, E D\u00c1 OUTRAS PROVID\u00caNCIAS"}, {"id": "721", "ano": "2015", "numero": "4377", "tipo__sigla": "PL", "tipo__descricao": "Projeto de Lei", "autoria": "", "texto_original": "http://sapl.palmeira.pr.leg.br/media/./sapl/public/materialegislativa/2015/721/721_texto_integral.pdf", "ementa": "INSTITUI A SEMANA DO LIVRO E DA BIBLIOTECA NO MUNIC\u00cdPIO DE PALMEIRA, E D\u00c1 OUTRAS PROVID\u00caNCIAS"}, {"id": "111", "ano": "2015", "numero": "109", "tipo__sigla": "PRE", "tipo__descricao": "Projeto de Resolu\u00e7\u00e3o", "autoria": "", "texto_original": "http://sapl.palmeira.pr.leg.br/media/./sapl/public/materialegislativa/2015/111/111_texto_integral.pdf", "ementa": "REGULAMENTA ATRAV\u00c9S DE REGIMENTO INTERNO A ESCOLA LEGISLATIVA NO \u00c2MBITO DA C\u00c2MARA MUNICIPAL DE PALMEIRA E D\u00c1 OUTRAS PROVID\u00caNCIAS"}, {"id": "112", "ano": "2015", "numero": "110", "tipo__sigla": "PRE", "tipo__descricao": "Projeto de Resolu\u00e7\u00e3o", "autoria": "", "texto_original": "http://sapl.palmeira.pr.leg.br/media/./sapl/public/materialegislativa/2015/112/112_texto_integral.pdf", "ementa": "ACRESCENTA O \u00a7 3\u00ba AO ART. 64 DA RESOLU\u00c7\u00c3O N\u00ba 104 DE 17 DE DEZEMBRO DE 2014"}, {"id": "113", "ano": "2015", "numero": "111", "tipo__sigla": "PRE", "tipo__descricao": "Projeto de Resolu\u00e7\u00e3o", "autoria": "", "texto_original": "http://sapl.palmeira.pr.leg.br/media/./sapl/public/materialegislativa/2015/113/113_texto_integral.pdf", "ementa": "DISP\u00d5E SOBRE REGRAS PARA O USO DOS VE\u00cdCULOS OFICIAIS DA C\u00c2MARA MUNICIPAL DE PALMEIRA E D\u00c1 OUTRAS PROVID\u00caNCIAS"}, {"id": "114", "ano": "2015", "numero": "112", "tipo__sigla": "PRE", "tipo__descricao": "Projeto de Resolu\u00e7\u00e3o", "autoria": "", "texto_original": "http://sapl.palmeira.pr.leg.br/media/./sapl/public/materialegislativa/2015/114/114_texto_integral.pdf", "ementa": "ABRE VAGA PARA AUXILIAR DE LICITA\u00c7\u00c3O E COMPRAS, ALTERANDO O INCISO VIII DO ARTIGO 51 DA RESOLU\u00c7\u00c3O N\u00ba 104 DE 17 DE DEZEMBRO DE 2014, BEM COMO O QUADRO III DO ANEXO I DA MESMA."}, {"id": "115", "ano": "2015", "numero": "113", "tipo__sigla": "PRE", "tipo__descricao": "Projeto de Resolu\u00e7\u00e3o", "autoria": "", "texto_original": "http://sapl.palmeira.pr.leg.br/media/./sapl/public/materialegislativa/2015/115/115_texto_integral.pdf", "ementa": "ESTABELECE NORMAS INTERNAS PARA O REGIME DE ADIANTAMENTO NA C\u00c2MARA MUNICIPAL DE PALMEIRA COM BASE NA LEI MUNICIPAL N\u00ba 3572/2013 E NOS TERMOS DOS ARTIGOS 65, 68 E 69 DA LEI FEDERAL N\u00ba 4320/64."}]}